{"id":90800,"date":"2021-06-03T10:00:52","date_gmt":"2021-06-03T13:00:52","guid":{"rendered":"http:\/\/vinasfm.com\/noticias\/?p=90800"},"modified":"2021-06-04T09:02:45","modified_gmt":"2021-06-04T12:02:45","slug":"por-que-no-se-puede-realizar-la-licencia-de-conducir-profesional-en-alvear","status":"publish","type":"post","link":"https:\/\/vinasfm.com\/noticias\/por-que-no-se-puede-realizar-la-licencia-de-conducir-profesional-en-alvear\/","title":{"rendered":"\u00bfPOR QU\u00c9 NO SE PUEDE REALIZAR LA LICENCIA DE CONDUCIR PROFESIONAL EN ALVEAR?"},"content":{"rendered":"<h4><span style=\"color: #000000;\"><strong>A la hora de realizar la licencia de conducir profesional en nuestro departamento para poder realizar los estudios, el psicof\u00edsico\u00a0deben viajar hasta San Rafael que est\u00e1 a cargo de una empresa privada, en nuestro hospital no se puede realizar un estudio por falta de equipamiento y donde se encuentra el equipo los costos son muy elevados, la concejal Mabel Ucelli busca la forma para poder traer esta gesti\u00f3n a General Alvear.<\/strong><\/span><\/h4>\n<div id=\"attachment_90869\" style=\"width: 300px\" class=\"wp-caption alignleft\"><a style=\"color: #000000;\" href=\"http:\/\/vinasfm.com\/noticias\/wp-content\/uploads\/2021\/06\/158816457_2133590320105273_6999165037935961226_n.jpg\"><img loading=\"lazy\" decoding=\"async\" aria-describedby=\"caption-attachment-90869\" class=\"size-medium wp-image-90869\" src=\"http:\/\/vinasfm.com\/noticias\/wp-content\/uploads\/2021\/06\/158816457_2133590320105273_6999165037935961226_n-300x200.jpg\" alt=\"\" width=\"300\" height=\"200\" srcset=\"https:\/\/vinasfm.com\/noticias\/wp-content\/uploads\/2021\/06\/158816457_2133590320105273_6999165037935961226_n-300x200.jpg 300w, https:\/\/vinasfm.com\/noticias\/wp-content\/uploads\/2021\/06\/158816457_2133590320105273_6999165037935961226_n-768x512.jpg 768w, https:\/\/vinasfm.com\/noticias\/wp-content\/uploads\/2021\/06\/158816457_2133590320105273_6999165037935961226_n.jpg 960w\" sizes=\"auto, (max-width: 300px) 100vw, 300px\" \/><\/a><p id=\"caption-attachment-90869\" class=\"wp-caption-text\"><span style=\"color: #000000;\">Concejal Mabel Ucelli.<\/span><\/p><\/div>\n<p><span style=\"color: #000000;\">La metodolog\u00eda y forma que se trabaja en la oficina de licencias de conducir ha ido dando y brindando m\u00e1s alternativas para brindarle mejor servicio a los alvearenses pero todav\u00eda en nuestro departamento no se pueden realizar las licencias de conducir profesional est\u00e1s se hacen en el vecino departamento de San Rafael a cargo de una empresa privada.<\/span><\/p>\n<p><span style=\"color: #000000;\"><span style=\"color: #000000;\">En di\u00e1logo con <\/span><strong>F.M. VI\u00d1AS<\/strong><span style=\"color: #000000;\">, la concejal <\/span><strong>Mabel Ucelli<\/strong><span style=\"color: #000000;\"> (<\/span><strong>UCR<\/strong><span style=\"color: #000000;\">) expres\u00f3, <\/span><em style=\"font-weight: bold;\">&#8216;Est\u00e1 a cargo de est\u00e1s licencias es una empresa privada que se encarga de todo el sur mendocino con un costo que est\u00e1n manejando son inferiores a los que podr\u00eda salir realizar esto por ejemplo en un sanatorio privado en nuestro departamento&#8217;<\/em><span style=\"color: #000000;\">, quienes precisan estos carnet en su mayor\u00eda son empleados del estado, otra parte privada cuenta con monotributo o tiene obra social, <\/span><em><b>&#8216;no se pueda hospitalizar ese servicio, no puede ser hospitalizado aparte uno de los estudios que requiere el <\/b><span style=\"color: #000000;\"><b>psicof\u00edsico<\/b><\/span><b> profesional es un encefalograma y el hospital Enfermeros Argentino no cuenta con ese equipo&#8217;, subray\u00f3.<\/b><\/em><\/span><\/p>\n<p><span style=\"color: #000000;\">En nuestro departamento hay un equipo que realiza los encefalogramas se encuentra en el Policl\u00ednico Atuel, el hospital Enfermero no cuenta con un equipamiento de esta tecnolog\u00eda, y los costos de realizarlo en el departamento son muy elevados<em><strong> &#8216;me comunique con el director del hospital y le manifest\u00e9 est\u00e1 inquietud, el me explicaba esto y que desde el hospital no se puede hacer este tipo de servicio y si se comunico telef\u00f3nicamente con los directores de los sanatorios privados de nuestro departamento, ellos estuvieron sacando los costos que implicar\u00eda realizar este tipo de servicio y eran superiores a lo que le pod\u00eda salir a la persona si realiza el viaje a San Rafael si bien econ\u00f3micamente no les es rentable&#8217;, manifest\u00f3 Ucelli.<\/strong><\/em><\/span><\/p>\n<p><span style=\"color: #000000;\">La concejal por la UCR, se ha estado comunicando con la empresa,<strong><em> &#8216;para ver si ellos consideran conveniente para la empresa poder instalarse en el departamento, haciendo un an\u00e1lisis de la cantidad de personas que se podr\u00edan hacerlo aqu\u00ed en ciudad teniendo en cuenta a la gente de Real del Padre, Villa Atuel y todos los que est\u00e1n cercanos a nosotros, esa es una de las alternativas&#8217;, destac\u00f3.<\/em><\/strong><\/span><\/p>\n<p><span style=\"color: #000000;\">La falta de est\u00e9 equipamiento en el <strong>Hospital Enfermeros Argentinos<\/strong>, se suma a otros equipos de tecnolog\u00eda\u00a0 avanzada que nos falta en el departamento,<strong><em> &#8216;seguir buscando el camino para equipar de la mejor manera nuestro hospital creo que est\u00e1 pandemia ha servido para que todos veamos las necesidades que ha tenido nuestro hospital y que ahora todas las ayudas vayan abocadas para este lugar que en alg\u00fan momento todos necesitamos, tambi\u00e9n tenemos una realidad que no tenemos suficientes profesionales con las especialidades que necesitamos&#8217;, <\/em><\/strong>finaliz\u00f3 Mabel Ucelli.\u00a0<\/span><\/p>\n<h5><span style=\"color: #000000;\">\u2022C.F.<\/span><\/h5>\n","protected":false},"excerpt":{"rendered":"<p>A la hora de realizar la licencia de conducir profesional en nuestro departamento para poder realizar los estudios, el psicof\u00edsico\u00a0deben viajar &#8230;<\/p>\n","protected":false},"author":7,"featured_media":76229,"comment_status":"open","ping_status":"open","sticky":false,"template":"","format":"standard","meta":{"footnotes":""},"categories":[5,10],"tags":[],"class_list":["post-90800","post","type-post","status-publish","format-standard","has-post-thumbnail","hentry","category-actualidad","category-destacadas"],"_links":{"self":[{"href":"https:\/\/vinasfm.com\/noticias\/wp-json\/wp\/v2\/posts\/90800","targetHints":{"allow":["GET"]}}],"collection":[{"href":"https:\/\/vinasfm.com\/noticias\/wp-json\/wp\/v2\/posts"}],"about":[{"href":"https:\/\/vinasfm.com\/noticias\/wp-json\/wp\/v2\/types\/post"}],"author":[{"embeddable":true,"href":"https:\/\/vinasfm.com\/noticias\/wp-json\/wp\/v2\/users\/7"}],"replies":[{"embeddable":true,"href":"https:\/\/vinasfm.com\/noticias\/wp-json\/wp\/v2\/comments?post=90800"}],"version-history":[{"count":6,"href":"https:\/\/vinasfm.com\/noticias\/wp-json\/wp\/v2\/posts\/90800\/revisions"}],"predecessor-version":[{"id":90868,"href":"https:\/\/vinasfm.com\/noticias\/wp-json\/wp\/v2\/posts\/90800\/revisions\/90868"}],"wp:featuredmedia":[{"embeddable":true,"href":"https:\/\/vinasfm.com\/noticias\/wp-json\/wp\/v2\/media\/76229"}],"wp:attachment":[{"href":"https:\/\/vinasfm.com\/noticias\/wp-json\/wp\/v2\/media?parent=90800"}],"wp:term":[{"taxonomy":"category","embeddable":true,"href":"https:\/\/vinasfm.com\/noticias\/wp-json\/wp\/v2\/categories?post=90800"},{"taxonomy":"post_tag","embeddable":true,"href":"https:\/\/vinasfm.com\/noticias\/wp-json\/wp\/v2\/tags?post=90800"}],"curies":[{"name":"wp","href":"https:\/\/api.w.org\/{rel}","templated":true}]}}