{"id":90698,"date":"2021-05-01T07:00:55","date_gmt":"2021-05-01T10:00:55","guid":{"rendered":"http:\/\/vinasfm.com\/noticias\/?p=90698"},"modified":"2021-06-01T09:57:38","modified_gmt":"2021-06-01T12:57:38","slug":"transporte-restablecieron-los-horarios-de-las-lineas-de-colectivos-locales-e-interdepartamentales","status":"publish","type":"post","link":"https:\/\/vinasfm.com\/noticias\/transporte-restablecieron-los-horarios-de-las-lineas-de-colectivos-locales-e-interdepartamentales\/","title":{"rendered":"TRANSPORTE: RESTABLECIERON LOS HORARIOS DE LAS L\u00cdNEAS DE COLECTIVOS LOCALES E INTERDEPARTAMENTALES"},"content":{"rendered":"<h4><span style=\"color: #000000;\"><strong>Desde este lunes 31 de mayo las empresas de trasporte p\u00fablico de la regi\u00f3n restablecieron los horarios funcionaban previo al \u00faltimo confinamiento. De esta manera, no solo los esenciales sino tambi\u00e9n el resto de los pasajeros podr\u00e1 viajar usando las l\u00edneas departamentales e interdepartamentales.\u00a0<\/strong><\/span><\/h4>\n<p><span style=\"color: #000000;\">Cabe destacar que con la reactualizaci\u00f3n de frecuencias se cubre una mayor franja horaria para conectar distintas localidades del sur provincial. Desde <strong>La Uni\u00f3n S.R.L.<\/strong> e <strong>Isel\u00edn <\/strong>comunicaron oficialmente que los servicios se reanudan con algunas excepciones.<\/span><\/p>\n<h4><span style=\"color: #000000;\"><strong>La empresa sanrafaelina comunic\u00f3 las frecuencias de la<\/strong> <strong>l\u00ednea 521 San Rafael-Alvear<\/strong><\/span><\/h4>\n<p><span style=\"color: #000000;\"><strong>Lunes a Viernes:<\/strong><\/span><\/p>\n<ul>\n<li><span style=\"color: #000000;\">Salidas desde Terminal de San Rafael: 06:15, 10:00, 12:50, 16:00, 18:30, 20:30 y 23:30 hs.<\/span><\/li>\n<li><span style=\"color: #000000;\">Salidas desde Terminal de General Alvear: 06:20, 08:00, 11:30, 12:50, 14:50, 19:00 y 21:00 hs.<\/span><\/li>\n<\/ul>\n<p><span style=\"color: #000000;\"><strong>S\u00e1bados y Domingos:<\/strong><\/span><\/p>\n<ul>\n<li><span style=\"color: #000000;\">Salidas desde Terminal de San Rafael: 06:15, 10:00, 12:50, 16:00, 18:30, 20:30 y 21:00 hs.<\/span><\/li>\n<li><span style=\"color: #000000;\">Salidas desde Terminal de General Alvear: 06:20, 08:00, 11:30, 12:50, 14:50, 19:00 y 21:00 hs.<\/span><\/li>\n<\/ul>\n<h4><span style=\"color: #000000;\"><strong>Por su parte, la empresa bowense indic\u00f3 los siguientes horarios<\/strong><\/span><\/h4>\n<p><span style=\"color: #000000;\"><strong>A la Ciudad de Mendoza:<\/strong><\/span><\/p>\n<ul>\n<li><span style=\"color: #000000;\">Lunes a Viernes: Salida 03:00 hs. \/ Regreso: 13:30 hs.<\/span><\/li>\n<li><span style=\"color: #000000;\">S\u00e1bados: Salida: 03:00 hs. \/ Regreso: 14:00 hs.<\/span><\/li>\n<li><span style=\"color: #000000;\">Domingos:\u00a0 Salida: 14:00 hs. \/ Regreso: 19:45 hs.<\/span><\/li>\n<\/ul>\n<p><span style=\"color: #000000;\"><strong>A San Rafael:<\/strong><\/span><\/p>\n<ul>\n<li><span style=\"color: #000000;\">Lunes a Viernes: Salidas: 06:00 hs. \/ 10:50 hs. &#8211;\u00a0 Regresos: 08:10 hs. \/ 12:20 hs.<\/span><\/li>\n<\/ul>\n<p><span style=\"color: #000000;\"><strong>A Agua Escondida: SUSPENDIDOS.<\/strong><\/span><\/p>\n<h4><span style=\"color: #000000;\"><strong>NUEVO CRONOGRAMA DE TRANSPORTE LOCAL:<\/strong><\/span><\/h4>\n<p><a href=\"http:\/\/vinasfm.com\/noticias\/wp-content\/uploads\/2021\/05\/Horario-01-05-scaled-1.jpg\"><img loading=\"lazy\" decoding=\"async\" class=\" wp-image-90699 aligncenter\" src=\"http:\/\/vinasfm.com\/noticias\/wp-content\/uploads\/2021\/05\/Horario-01-05-scaled-1-223x300.jpg\" alt=\"\" width=\"582\" height=\"783\" srcset=\"https:\/\/vinasfm.com\/noticias\/wp-content\/uploads\/2021\/05\/Horario-01-05-scaled-1-223x300.jpg 223w, https:\/\/vinasfm.com\/noticias\/wp-content\/uploads\/2021\/05\/Horario-01-05-scaled-1-762x1024.jpg 762w, https:\/\/vinasfm.com\/noticias\/wp-content\/uploads\/2021\/05\/Horario-01-05-scaled-1-768x1032.jpg 768w, https:\/\/vinasfm.com\/noticias\/wp-content\/uploads\/2021\/05\/Horario-01-05-scaled-1-1143x1536.jpg 1143w, https:\/\/vinasfm.com\/noticias\/wp-content\/uploads\/2021\/05\/Horario-01-05-scaled-1-1524x2048.jpg 1524w, https:\/\/vinasfm.com\/noticias\/wp-content\/uploads\/2021\/05\/Horario-01-05-scaled-1.jpg 1905w\" sizes=\"auto, (max-width: 582px) 100vw, 582px\" \/><\/a><\/p>\n<h4><span style=\"color: #000000;\"><strong>CRONOGRAMA DE VIAJES ALVEAR-MALARG\u00dcE:<\/strong><\/span><\/h4>\n<p><a href=\"http:\/\/vinasfm.com\/noticias\/wp-content\/uploads\/2021\/05\/horario-malargue-scaled-1.jpg\"><img loading=\"lazy\" decoding=\"async\" class=\" wp-image-90700 aligncenter\" src=\"http:\/\/vinasfm.com\/noticias\/wp-content\/uploads\/2021\/05\/horario-malargue-scaled-1-204x300.jpg\" alt=\"\" width=\"558\" height=\"821\" srcset=\"https:\/\/vinasfm.com\/noticias\/wp-content\/uploads\/2021\/05\/horario-malargue-scaled-1-204x300.jpg 204w, https:\/\/vinasfm.com\/noticias\/wp-content\/uploads\/2021\/05\/horario-malargue-scaled-1-695x1024.jpg 695w, https:\/\/vinasfm.com\/noticias\/wp-content\/uploads\/2021\/05\/horario-malargue-scaled-1-768x1131.jpg 768w, https:\/\/vinasfm.com\/noticias\/wp-content\/uploads\/2021\/05\/horario-malargue-scaled-1-1043x1536.jpg 1043w, https:\/\/vinasfm.com\/noticias\/wp-content\/uploads\/2021\/05\/horario-malargue-scaled-1-1390x2048.jpg 1390w, https:\/\/vinasfm.com\/noticias\/wp-content\/uploads\/2021\/05\/horario-malargue-scaled-1.jpg 1738w\" sizes=\"auto, (max-width: 558px) 100vw, 558px\" \/><\/a><\/p>\n<p>&nbsp;<\/p>\n<h5><span style=\"color: #000000;\">\u2022F.B (F.M. Vi\u00f1as).<\/span><\/h5>\n","protected":false},"excerpt":{"rendered":"<p>Desde este lunes 31 de mayo las empresas de trasporte p\u00fablico de la regi\u00f3n restablecieron los horarios funcionaban previo al \u00faltimo &#8230;<\/p>\n","protected":false},"author":8,"featured_media":65649,"comment_status":"open","ping_status":"open","sticky":false,"template":"","format":"standard","meta":{"footnotes":""},"categories":[5,1],"tags":[],"class_list":["post-90698","post","type-post","status-publish","format-standard","has-post-thumbnail","hentry","category-actualidad","category-fmvinas"],"_links":{"self":[{"href":"https:\/\/vinasfm.com\/noticias\/wp-json\/wp\/v2\/posts\/90698","targetHints":{"allow":["GET"]}}],"collection":[{"href":"https:\/\/vinasfm.com\/noticias\/wp-json\/wp\/v2\/posts"}],"about":[{"href":"https:\/\/vinasfm.com\/noticias\/wp-json\/wp\/v2\/types\/post"}],"author":[{"embeddable":true,"href":"https:\/\/vinasfm.com\/noticias\/wp-json\/wp\/v2\/users\/8"}],"replies":[{"embeddable":true,"href":"https:\/\/vinasfm.com\/noticias\/wp-json\/wp\/v2\/comments?post=90698"}],"version-history":[{"count":3,"href":"https:\/\/vinasfm.com\/noticias\/wp-json\/wp\/v2\/posts\/90698\/revisions"}],"predecessor-version":[{"id":90703,"href":"https:\/\/vinasfm.com\/noticias\/wp-json\/wp\/v2\/posts\/90698\/revisions\/90703"}],"wp:featuredmedia":[{"embeddable":true,"href":"https:\/\/vinasfm.com\/noticias\/wp-json\/wp\/v2\/media\/65649"}],"wp:attachment":[{"href":"https:\/\/vinasfm.com\/noticias\/wp-json\/wp\/v2\/media?parent=90698"}],"wp:term":[{"taxonomy":"category","embeddable":true,"href":"https:\/\/vinasfm.com\/noticias\/wp-json\/wp\/v2\/categories?post=90698"},{"taxonomy":"post_tag","embeddable":true,"href":"https:\/\/vinasfm.com\/noticias\/wp-json\/wp\/v2\/tags?post=90698"}],"curies":[{"name":"wp","href":"https:\/\/api.w.org\/{rel}","templated":true}]}}