{"id":90656,"date":"2021-05-31T23:22:44","date_gmt":"2021-06-01T02:22:44","guid":{"rendered":"http:\/\/vinasfm.com\/noticias\/?p=90656"},"modified":"2021-06-01T09:59:00","modified_gmt":"2021-06-01T12:59:00","slug":"bomberos-debieron-acudir-a-sofocar-incendios-en-alvear-y-bowen","status":"publish","type":"post","link":"https:\/\/vinasfm.com\/noticias\/bomberos-debieron-acudir-a-sofocar-incendios-en-alvear-y-bowen\/","title":{"rendered":"BOMBEROS DEBIERON ACUDIR A SOFOCAR INCENDIOS EN ALVEAR Y BOWEN"},"content":{"rendered":"<h4><span style=\"color: #000000;\"><strong>Este domingo, Bomberos de la Polic\u00eda y Voluntarios de Bowen debieron acudir a mitigar dos incendios que se desataron en un galp\u00f3n ubicado en Bowen y el segundo en una vivienda de Ciudad.<\/strong><\/span><\/h4>\n<p><span style=\"color: #000000;\">A la <strong>01:30h de ayer<\/strong>, un voraz incendio se produjo en <strong>un galp\u00f3n ubicado en calle 18, entre Centenario y J<\/strong>, por lo que dos dotaciones de Bomberos de Bowen concurrieron al lugar a sofocar las llamas.<\/span><\/p>\n<p><span style=\"color: #000000;\">Al arribar observaron un incendio declarado ante lo cual se realiz\u00f3 entrada forzada para poder ingresar, se comenz\u00f3 a trabajar con ataque indirecto, posteriormente se realiz\u00f3 ventilaci\u00f3n y enfriamiento con ataque directo. En el lugar<strong> se registraron perdidas totales<\/strong>, en el interior se lograron identificar pocos elementos ya que el resto fue consumido por las llamas.<\/span><\/p>\n<p><span style=\"color: #000000;\">Alrededor de las <strong>22h<\/strong>, los uniformados debieron desplazarse a una vivienda ubicada en <strong>calle Francia y Salonia<\/strong>, de Ciudad, que estaba siendo abrasada por fuertes llamas.<\/span><\/p>\n<p><span style=\"color: #000000;\">En el lugar trabajaron con apoyo h\u00eddrico para realizar ventilaci\u00f3n y enfriamiento. El incendio se encontraba en la parte superior de la vivienda: se procedi\u00f3 a levantar chapas para poder extinguir las el fuego que afect\u00f3 palos, maderas y aislante.<\/span><\/p>\n<h5><span style=\"color: #000000;\">\u2022F.B. (F.M. Vi\u00f1as).<\/span><\/h5>\n","protected":false},"excerpt":{"rendered":"<p>Este domingo, Bomberos de la Polic\u00eda y Voluntarios de Bowen debieron acudir a mitigar dos incendios que se desataron en un &#8230;<\/p>\n","protected":false},"author":8,"featured_media":90659,"comment_status":"open","ping_status":"open","sticky":false,"template":"","format":"standard","meta":{"footnotes":""},"categories":[5,76],"tags":[],"class_list":["post-90656","post","type-post","status-publish","format-standard","has-post-thumbnail","hentry","category-actualidad","category-bomberos"],"_links":{"self":[{"href":"https:\/\/vinasfm.com\/noticias\/wp-json\/wp\/v2\/posts\/90656","targetHints":{"allow":["GET"]}}],"collection":[{"href":"https:\/\/vinasfm.com\/noticias\/wp-json\/wp\/v2\/posts"}],"about":[{"href":"https:\/\/vinasfm.com\/noticias\/wp-json\/wp\/v2\/types\/post"}],"author":[{"embeddable":true,"href":"https:\/\/vinasfm.com\/noticias\/wp-json\/wp\/v2\/users\/8"}],"replies":[{"embeddable":true,"href":"https:\/\/vinasfm.com\/noticias\/wp-json\/wp\/v2\/comments?post=90656"}],"version-history":[{"count":5,"href":"https:\/\/vinasfm.com\/noticias\/wp-json\/wp\/v2\/posts\/90656\/revisions"}],"predecessor-version":[{"id":90677,"href":"https:\/\/vinasfm.com\/noticias\/wp-json\/wp\/v2\/posts\/90656\/revisions\/90677"}],"wp:featuredmedia":[{"embeddable":true,"href":"https:\/\/vinasfm.com\/noticias\/wp-json\/wp\/v2\/media\/90659"}],"wp:attachment":[{"href":"https:\/\/vinasfm.com\/noticias\/wp-json\/wp\/v2\/media?parent=90656"}],"wp:term":[{"taxonomy":"category","embeddable":true,"href":"https:\/\/vinasfm.com\/noticias\/wp-json\/wp\/v2\/categories?post=90656"},{"taxonomy":"post_tag","embeddable":true,"href":"https:\/\/vinasfm.com\/noticias\/wp-json\/wp\/v2\/tags?post=90656"}],"curies":[{"name":"wp","href":"https:\/\/api.w.org\/{rel}","templated":true}]}}