{"id":90582,"date":"2021-05-29T12:16:03","date_gmt":"2021-05-29T15:16:03","guid":{"rendered":"http:\/\/vinasfm.com\/noticias\/?p=90582"},"modified":"2021-05-30T22:28:21","modified_gmt":"2021-05-31T01:28:21","slug":"sintesis-policial-hurtaron-una-mochila-del-interior-de-un-auto-y-se-incendio-una-vivienda-en-real-del-padre","status":"publish","type":"post","link":"https:\/\/vinasfm.com\/noticias\/sintesis-policial-hurtaron-una-mochila-del-interior-de-un-auto-y-se-incendio-una-vivienda-en-real-del-padre\/","title":{"rendered":"S\u00cdNTESIS POLICIAL: HURTARON UNA MOCHILA DEL INTERIOR DE UN AUTO Y SE INCENDI\u00d3 UNA VIVIENDA EN REAL DEL PADRE"},"content":{"rendered":"<h5 dir=\"auto\"><span style=\"color: #000000;\"><strong>En las \u00faltimas horas se registraron dos hechos que forman parte de la s\u00edntesis policial de la regi\u00f3n. Este viernes, delincuentes se apoderaron de una mochila tras romper la ventanilla de una veh\u00edculo estacionado mientras que durante la madrugada de este s\u00e1bado un incendio consumi\u00f3 parte de una vivienda.<\/strong><\/span><\/h5>\n<div dir=\"auto\"><span style=\"color: #000000;\">\u2022Respecto al primer hecho, los damnificados publicaron en las redes sociales que <strong>en horas de la tarde de ayer hab\u00edan dejado su veh\u00edculo en calle Zeballos y Bernardo de Irigoyen<\/strong> y <strong>desconocidos rompieron una de las ventanillas y se alzaron con una mochila<\/strong>, colo gris, que conten\u00eda diferentes elementos de trabajo.\u00a0<\/span><span style=\"color: #000000;\">La v\u00edctima solicita que ante cualquier informaci\u00f3n sobre el paradero de la mochila se comuniquen al\u00a0<span style=\"line-height: 1.5;\"><strong>26254-19621<\/strong>.<\/span><\/span><\/div>\n<div dir=\"auto\"><\/div>\n<div class=\"kvgmc6g5 cxmmr5t8 oygrvhab hcukyx3x c1et5uql ii04i59q\">\n<div dir=\"auto\">\n<div class=\"o9v6fnle cxmmr5t8 oygrvhab hcukyx3x c1et5uql ii04i59q\">\n<div dir=\"auto\"><\/div>\n<div dir=\"auto\"><span style=\"color: #000000;\">\u2022Durante la <strong>madrugada de este s\u00e1bado,<\/strong> bomberos debi\u00f3 acudir a sofocar un voraz <strong>incendio que se desat\u00f3 en el interior de una vivienda ubicada en calle Catamarca, entre San Mart\u00edn y Misiones, de Real del Padre<\/strong>.<\/span><\/div>\n<div dir=\"auto\"><\/div>\n<\/div>\n<\/div>\n<div dir=\"auto\"><span style=\"color: #000000;\">A\u00fan no se logr\u00f3 establecer el origen de las llamas que se propagaron en el interior de la edificaci\u00f3n<strong> afectando dos habitaciones y ocasionando el derrumbe del techo de ambos ambientes<\/strong>.<\/span><\/div>\n<\/div>\n<div class=\"o9v6fnle cxmmr5t8 oygrvhab hcukyx3x c1et5uql ii04i59q\"><\/div>\n<div class=\"o9v6fnle cxmmr5t8 oygrvhab hcukyx3x c1et5uql ii04i59q\">\n<div dir=\"auto\"><\/div>\n<div dir=\"auto\">\n<div id=\"attachment_90583\" style=\"width: 379px\" class=\"wp-caption aligncenter\"><a style=\"color: #000000;\" href=\"http:\/\/vinasfm.com\/noticias\/wp-content\/uploads\/2021\/05\/193934466_4191176354235864_502295477085267344_n-e1622299768335.jpg\"><img loading=\"lazy\" decoding=\"async\" aria-describedby=\"caption-attachment-90583\" class=\"wp-image-90583\" src=\"http:\/\/vinasfm.com\/noticias\/wp-content\/uploads\/2021\/05\/193934466_4191176354235864_502295477085267344_n-e1622299768335-300x202.jpg\" alt=\"\" width=\"379\" height=\"255\" srcset=\"https:\/\/vinasfm.com\/noticias\/wp-content\/uploads\/2021\/05\/193934466_4191176354235864_502295477085267344_n-e1622299768335-300x202.jpg 300w, https:\/\/vinasfm.com\/noticias\/wp-content\/uploads\/2021\/05\/193934466_4191176354235864_502295477085267344_n-e1622299768335.jpg 720w\" sizes=\"auto, (max-width: 379px) 100vw, 379px\" \/><\/a><p id=\"caption-attachment-90583\" class=\"wp-caption-text\"><\/span> <span style=\"color: #000000;\">Imagen: Gentileza FM Estilo.<\/span><\/p><\/div>\n<\/div>\n<\/div>\n","protected":false},"excerpt":{"rendered":"<p>En las \u00faltimas horas se registraron dos hechos que forman parte de la s\u00edntesis policial de la regi\u00f3n. Este viernes, delincuentes &#8230;<\/p>\n","protected":false},"author":8,"featured_media":90585,"comment_status":"open","ping_status":"open","sticky":false,"template":"","format":"standard","meta":{"footnotes":""},"categories":[5,4],"tags":[],"class_list":["post-90582","post","type-post","status-publish","format-standard","has-post-thumbnail","hentry","category-actualidad","category-policiales"],"_links":{"self":[{"href":"https:\/\/vinasfm.com\/noticias\/wp-json\/wp\/v2\/posts\/90582","targetHints":{"allow":["GET"]}}],"collection":[{"href":"https:\/\/vinasfm.com\/noticias\/wp-json\/wp\/v2\/posts"}],"about":[{"href":"https:\/\/vinasfm.com\/noticias\/wp-json\/wp\/v2\/types\/post"}],"author":[{"embeddable":true,"href":"https:\/\/vinasfm.com\/noticias\/wp-json\/wp\/v2\/users\/8"}],"replies":[{"embeddable":true,"href":"https:\/\/vinasfm.com\/noticias\/wp-json\/wp\/v2\/comments?post=90582"}],"version-history":[{"count":5,"href":"https:\/\/vinasfm.com\/noticias\/wp-json\/wp\/v2\/posts\/90582\/revisions"}],"predecessor-version":[{"id":90590,"href":"https:\/\/vinasfm.com\/noticias\/wp-json\/wp\/v2\/posts\/90582\/revisions\/90590"}],"wp:featuredmedia":[{"embeddable":true,"href":"https:\/\/vinasfm.com\/noticias\/wp-json\/wp\/v2\/media\/90585"}],"wp:attachment":[{"href":"https:\/\/vinasfm.com\/noticias\/wp-json\/wp\/v2\/media?parent=90582"}],"wp:term":[{"taxonomy":"category","embeddable":true,"href":"https:\/\/vinasfm.com\/noticias\/wp-json\/wp\/v2\/categories?post=90582"},{"taxonomy":"post_tag","embeddable":true,"href":"https:\/\/vinasfm.com\/noticias\/wp-json\/wp\/v2\/tags?post=90582"}],"curies":[{"name":"wp","href":"https:\/\/api.w.org\/{rel}","templated":true}]}}