{"id":90536,"date":"2021-05-30T07:00:41","date_gmt":"2021-05-30T10:00:41","guid":{"rendered":"http:\/\/vinasfm.com\/noticias\/?p=90536"},"modified":"2021-06-01T10:13:07","modified_gmt":"2021-06-01T13:13:07","slug":"el-dr-gomez-parra-aclaro-la-polemica-por-el-uso-de-los-respiradores-que-dono-el-municipio","status":"publish","type":"post","link":"https:\/\/vinasfm.com\/noticias\/el-dr-gomez-parra-aclaro-la-polemica-por-el-uso-de-los-respiradores-que-dono-el-municipio\/","title":{"rendered":"EL DR. G\u00d3MEZ PARRA ACLAR\u00d3 LA POL\u00c9MICA POR EL USO DE LOS RESPIRADORES QUE DON\u00d3 EL MUNICIPIO"},"content":{"rendered":"<h4><span style=\"color: #000000;\"><strong>El Director del Hospital explic\u00f3 que a\u00fan no han usado los respiradores de los equipos para terapia donados por el Municipio alvearense, porque no han hecho falta. Adem\u00e1s, aclar\u00f3 que se est\u00e1n usando para terapia intermedia y est\u00e1n en perfectas condiciones para cuando sean necesarios.<\/strong><\/span><\/h4>\n<p><span style=\"color: #000000;\"><strong>Debido a la pol\u00e9mica que se gener\u00f3 una nota del diario MDZ, en la que se da a entender que en Alvear no usan los equipos con respiradores que don\u00f3 el Municipio<\/strong> a principio del mes de mayo, el Doctor <em><strong>Fabio G\u00f3mez Parra aclar\u00f3 la situaci\u00f3n en di\u00e1logo con FM VI\u00d1AS<\/strong><\/em>:<em><strong> \u00abNo fue ni una nota. Me preguntaron dos o tres cuestiones t\u00e9cnicas y armaron una nota. Esos equipos est\u00e1n utiliz\u00e1ndose, porque funcionan\u00bb.<\/strong><\/em><\/span><\/p>\n<p><span style=\"color: #000000;\">Asimismo, especific\u00f3: <em><strong>\u00abNo se est\u00e1n utilizando como respirador porque no han hecho falta, pero cada equipo no es s\u00f3lo un respirador. Es una cama con todo un equipamiento y ten\u00e9s distintas etapas, como el casco, la escafandra y c\u00e1maras de alto flujo, por lo que a veces no llegan a ser entubados\u00bb<\/strong><\/em>. De esta manera, en una terapia intermedia, los equipos donados por el Municipio al Hospital est\u00e1n siendo utilizados igualmente en la lucha contra el covid.<\/span><\/p>\n<p><span style=\"color: #000000;\">Por lo tanto, debido a la pol\u00e9mica que se gener\u00f3 y que incluso <strong>desencaden\u00f3 un pedido de informe por parte de los concejales del Frente de Todos al Intendente Walther Marcolini<\/strong>, cerr\u00f3: <em><strong>\u00abEs un equipo utilizable y confiamos en eso, por eso lo estamos usando. Todav\u00eda no hemos puesto a ning\u00fan paciente con intubaci\u00f3n, pero cuando haga falta, se pueden usar los equipos como respiradores\u00bb.\u00a0<\/strong><\/em><\/span><\/p>\n<p><span style=\"color: #000000;\">Para leer la nota que gener\u00f3 la pol\u00e9mica, <a style=\"color: #000000;\" href=\"https:\/\/www.mdzol.com\/politica\/2021\/5\/27\/un-municipio-compro-respiradores-pero-en-el-hospital-no-los-usan-161934.html\">hac\u00e9 click aqu\u00ed.<\/a><\/span><\/p>\n<h4><strong><span style=\"color: #000000;\">Entrega de respiradores<\/span><\/strong><\/h4>\n<p><span style=\"color: #000000;\">El<strong> domingo 3 de mayo llegaron los cuatro respiradores de \u00faltima generaci\u00f3n al Hospital Enfermeros Argentinos<\/strong>, que fueron adquiridos por el municipio para reforzar el sistema de salud local.<\/span><\/p>\n<p><span style=\"color: #000000;\">Los respiradores adquiridos por decisi\u00f3n del\u00a0<strong>intendente Walther Marcolini<\/strong>\u00a0son marca\u00a0<strong><em>Inventu<\/em><\/strong>\u00a0y poseen\u00a0<strong>monitorizaci\u00f3n remota para conocer los par\u00e1metros ventilatorios del paciente sin estar en la misma sala<\/strong>, o estando el profesional en cualquier otro lugar, ya que el respirador tiene conectividad On Line.<\/span><\/p>\n<p><span style=\"color: #000000;\">\u2018<strong><em>Estos son equipos que vienen a fortalecer lo que ya est\u00e1, cuando comenzamos la pandemia ten\u00edamos cuatro camas de UTI y hoy tenemos 22, lo que habla de la complejidad de la problem\u00e1tica que estamos atravesando\u2019,\u00a0<\/em><\/strong>indic\u00f3 el Jefe Comunal.<\/span><\/p>\n<p><span style=\"color: #000000;\">Este aporte se suma a lo que ya se viene haciendo desde el 2020 cuando se\u00a0<strong>adquirieron once camas ortop\u00e9dicas el\u00e9ctricas de internaci\u00f3n y una cama ortop\u00e9dica el\u00e9ctrica para la UTI<\/strong>\u00a0que fueron destinadas al hospital Enfermeros Argentinos,\u00a0<strong>se pusieron en funcionamiento los consultorios del Barrio San Carlos<\/strong>\u00a0para atenci\u00f3n de embarazadas, adem\u00e1s este a\u00f1o se trabaj\u00f3 fuertemente para que el\u00a0<strong>Laboratorio de Biotecnolog\u00eda de Ugacoop pudiera procesar y analizar muestras PCR<\/strong>.<\/span><\/p>\n<p><span style=\"color: #000000;\">Adem\u00e1s, esta semana se continu\u00f3 con la\u00a0<strong>entrega de camisolines y barbijos<\/strong>\u00a0que comenz\u00f3 a realizarse en el inicio de la pandemia y mediante la cual se han entregado 25 mil Barbijos, 14 mil camisolines y 700 m\u00e1scaras 3D.\u00a0<strong>Inversiones que en conjunto ascienden a los $9.500.000<\/strong>.<\/span><\/p>\n<p><span style=\"color: #000000;\">Hay que destacar que de los cuatro respiradores, tres fueron comprados por la Municipalidad y el cuarto es una donaci\u00f3n de la\u00a0<strong>Universidad Nacional de Rosario<\/strong>.\u00a0<strong>Sim\u00f3n Carpman<\/strong>,<strong>Titular de Inventu<\/strong>, brind\u00f3 detalles t\u00e9cnicos de estos equipos: \u2018<strong><em>Cuentan con monitorizaci\u00f3n remota, que tienen varias ventajas como conocer los par\u00e1metros ventilatorios del paciente sin estar en la misma sala, desde un celular o cualquier computadora, adem\u00e1s los m\u00e9dicos pueden hacer un seguimiento desde la casa o una interconsulta con otro m\u00e9dico ya que de manera online se pueden ver todos los par\u00e1metros hist\u00f3ricos del paciente\u2019<\/em><\/strong>.<\/span><\/p>\n<h5><span style=\"color: #000000;\">\u2022L.A.<\/span><\/h5>\n","protected":false},"excerpt":{"rendered":"<p>El Director del Hospital explic\u00f3 que a\u00fan no han usado los respiradores de los equipos para terapia donados por el Municipio &#8230;<\/p>\n","protected":false},"author":7,"featured_media":89124,"comment_status":"open","ping_status":"open","sticky":false,"template":"","format":"standard","meta":{"footnotes":""},"categories":[5,15],"tags":[],"class_list":["post-90536","post","type-post","status-publish","format-standard","has-post-thumbnail","hentry","category-actualidad","category-salud"],"_links":{"self":[{"href":"https:\/\/vinasfm.com\/noticias\/wp-json\/wp\/v2\/posts\/90536","targetHints":{"allow":["GET"]}}],"collection":[{"href":"https:\/\/vinasfm.com\/noticias\/wp-json\/wp\/v2\/posts"}],"about":[{"href":"https:\/\/vinasfm.com\/noticias\/wp-json\/wp\/v2\/types\/post"}],"author":[{"embeddable":true,"href":"https:\/\/vinasfm.com\/noticias\/wp-json\/wp\/v2\/users\/7"}],"replies":[{"embeddable":true,"href":"https:\/\/vinasfm.com\/noticias\/wp-json\/wp\/v2\/comments?post=90536"}],"version-history":[{"count":9,"href":"https:\/\/vinasfm.com\/noticias\/wp-json\/wp\/v2\/posts\/90536\/revisions"}],"predecessor-version":[{"id":90577,"href":"https:\/\/vinasfm.com\/noticias\/wp-json\/wp\/v2\/posts\/90536\/revisions\/90577"}],"wp:featuredmedia":[{"embeddable":true,"href":"https:\/\/vinasfm.com\/noticias\/wp-json\/wp\/v2\/media\/89124"}],"wp:attachment":[{"href":"https:\/\/vinasfm.com\/noticias\/wp-json\/wp\/v2\/media?parent=90536"}],"wp:term":[{"taxonomy":"category","embeddable":true,"href":"https:\/\/vinasfm.com\/noticias\/wp-json\/wp\/v2\/categories?post=90536"},{"taxonomy":"post_tag","embeddable":true,"href":"https:\/\/vinasfm.com\/noticias\/wp-json\/wp\/v2\/tags?post=90536"}],"curies":[{"name":"wp","href":"https:\/\/api.w.org\/{rel}","templated":true}]}}