{"id":90512,"date":"2021-05-28T09:25:41","date_gmt":"2021-05-28T12:25:41","guid":{"rendered":"http:\/\/vinasfm.com\/noticias\/?p=90512"},"modified":"2021-05-28T19:04:21","modified_gmt":"2021-05-28T22:04:21","slug":"instalaron-mecanismos-de-seguridad-en-el-canal-marginal-para-prevenir-accidentes-fatales","status":"publish","type":"post","link":"https:\/\/vinasfm.com\/noticias\/instalaron-mecanismos-de-seguridad-en-el-canal-marginal-para-prevenir-accidentes-fatales\/","title":{"rendered":"INSTALARON MECANISMOS DE SEGURIDAD EN EL CANAL MARGINAL PARA PREVENIR ACCIDENTES FATALES"},"content":{"rendered":"<h4><span style=\"color: #000000;\"><strong>Por un proyecto presentado en noviembre del 2020 por Hebe Katzer y Stella Montoya, se instalaron cadenas en sectores &#8216;cr\u00edticos&#8217; del canal Marginal para evitar tragedias ante posibles accidentes.<\/strong><\/span><\/h4>\n<div id=\"attachment_90518\" style=\"width: 172px\" class=\"wp-caption alignleft\"><a href=\"http:\/\/vinasfm.com\/noticias\/wp-content\/uploads\/2021\/05\/hebe-katzer.png\"><img loading=\"lazy\" decoding=\"async\" aria-describedby=\"caption-attachment-90518\" class=\" wp-image-90518\" src=\"http:\/\/vinasfm.com\/noticias\/wp-content\/uploads\/2021\/05\/hebe-katzer-300x300.png\" alt=\"\" width=\"172\" height=\"172\" srcset=\"https:\/\/vinasfm.com\/noticias\/wp-content\/uploads\/2021\/05\/hebe-katzer-300x300.png 300w, https:\/\/vinasfm.com\/noticias\/wp-content\/uploads\/2021\/05\/hebe-katzer-150x150.png 150w, https:\/\/vinasfm.com\/noticias\/wp-content\/uploads\/2021\/05\/hebe-katzer-360x360.png 360w, https:\/\/vinasfm.com\/noticias\/wp-content\/uploads\/2021\/05\/hebe-katzer.png 714w\" sizes=\"auto, (max-width: 172px) 100vw, 172px\" \/><\/a><p id=\"caption-attachment-90518\" class=\"wp-caption-text\">Concejal Hebe Katzer.<\/p><\/div>\n<p><span style=\"color: #000000;\"><strong>Katzer<\/strong> habl\u00f3\u00a0<\/span><span style=\"color: #000000;\">con\u00a0<\/span><strong style=\"color: #000000;\">F.M. VI\u00d1AS <\/strong><span style=\"color: #000000;\">sobre la concreci\u00f3n de un proyecto presentado en el HCD en noviembre del a\u00f1o pasado. <\/span><strong style=\"color: #000000;\"><em>\u00abDespu\u00e9s<\/em> <span style=\"color: #000080;\"><em><a style=\"color: #000080;\" href=\"http:\/\/vinasfm.com\/noticias\/perdio-la-vida-tragicamente-en-el-canal-marginal-por-rescatar-a-su-mascota\/\">del accidente que ocurri\u00f3<\/a><\/em>,<\/span> tuvimos reuniones con referentes de Irrigaci\u00f3n, personal de Bomberos y con Defensa Civil, para encarar en conjunto este proyecto. Ya se est\u00e1 ejecutando y se ha puesto un sistema de cadenas en los puntos cr\u00edticos\u00bb<\/strong><span style=\"color: #000000;\">, explic\u00f3 Katzer.<\/span><\/p>\n<p><span style=\"color: #000000;\">Adem\u00e1s, se refiri\u00f3 a la funci\u00f3n de estas cadenas:<em><strong> \u00abEsto hace que cuando uno cae no puede agarrarse de ning\u00fan lado. Por eso, este proyecto contin\u00faa con una coordinaci\u00f3n entre las \u00e1reas. Lo que falta es un n\u00famero de tel\u00e9fono en conjunto para no perder tiempo y que lleguen r\u00e1pido. Eso ya casi est\u00e1 y ser\u00e1 de gran ayuda\u00bb.<\/strong><\/em><\/span><\/p>\n<h4><span style=\"color: #000000;\"><strong>El accidente ocurrido<\/strong><strong> en noviembre de 2020\u00a0<\/strong><strong>que motiv\u00f3 el pedido<\/strong><\/span><\/h4>\n<p><span style=\"color: #000000;\">Un agricultor, identificado como <strong>Ignacio Del Pozo (37) perdi\u00f3 la vida en el canal Marginal luego de arrojarse con el fin de rescatar a su mascota<\/strong>, a la que estaba paseando en Rinc\u00f3n del Indio.<\/span><\/p>\n<p><span style=\"color: #000000;\">De acuerdo a lo informado por las autoridades policiales,\u00a0un llamado al CEO advirti\u00f3 que Del Pozo se hab\u00eda arrojado al agua y hab\u00eda sido arrastrado por la misma.<\/span><\/p>\n<p><span style=\"color: #000000;\">Raudamente,\u00a0<strong>personal de Comisar\u00eda 26\u00b0 acudi\u00f3 al escenario del hecho y junto a Bomberos iniciaron la b\u00fasqueda de la v\u00edctima recorriendo la orilla del canal<\/strong>. El operativo pudo completarse ya que\u00a0<strong>Irrigaci\u00f3n autoriz\u00f3 el corte de agua del mismo<\/strong>.<\/span><\/p>\n<p><span style=\"color: #000000;\">A la altura de\u00a0<strong>La Olla<\/strong>, a\u00a0<strong>5km<\/strong>\u00a0del punto donde fue visto por \u00faltima vez, los\u00a0<strong>efectivos constataron que un grupo de personas hab\u00eda rescatado el cuerpo<\/strong>,\u00a0<strong>sin vida seg\u00fan confirm\u00f3 el profesional de la salud a cargo<\/strong>.<\/span><\/p>\n<h5><span style=\"color: #000000;\">\u2022<strong>L.A.<\/strong><\/span><\/h5>\n","protected":false},"excerpt":{"rendered":"<p>Por un proyecto presentado en noviembre del 2020 por Hebe Katzer y Stella Montoya, se instalaron cadenas en sectores &#8216;cr\u00edticos&#8217; del &#8230;<\/p>\n","protected":false},"author":7,"featured_media":90521,"comment_status":"open","ping_status":"open","sticky":false,"template":"","format":"standard","meta":{"footnotes":""},"categories":[5,10],"tags":[],"class_list":["post-90512","post","type-post","status-publish","format-standard","has-post-thumbnail","hentry","category-actualidad","category-destacadas"],"_links":{"self":[{"href":"https:\/\/vinasfm.com\/noticias\/wp-json\/wp\/v2\/posts\/90512","targetHints":{"allow":["GET"]}}],"collection":[{"href":"https:\/\/vinasfm.com\/noticias\/wp-json\/wp\/v2\/posts"}],"about":[{"href":"https:\/\/vinasfm.com\/noticias\/wp-json\/wp\/v2\/types\/post"}],"author":[{"embeddable":true,"href":"https:\/\/vinasfm.com\/noticias\/wp-json\/wp\/v2\/users\/7"}],"replies":[{"embeddable":true,"href":"https:\/\/vinasfm.com\/noticias\/wp-json\/wp\/v2\/comments?post=90512"}],"version-history":[{"count":9,"href":"https:\/\/vinasfm.com\/noticias\/wp-json\/wp\/v2\/posts\/90512\/revisions"}],"predecessor-version":[{"id":90530,"href":"https:\/\/vinasfm.com\/noticias\/wp-json\/wp\/v2\/posts\/90512\/revisions\/90530"}],"wp:featuredmedia":[{"embeddable":true,"href":"https:\/\/vinasfm.com\/noticias\/wp-json\/wp\/v2\/media\/90521"}],"wp:attachment":[{"href":"https:\/\/vinasfm.com\/noticias\/wp-json\/wp\/v2\/media?parent=90512"}],"wp:term":[{"taxonomy":"category","embeddable":true,"href":"https:\/\/vinasfm.com\/noticias\/wp-json\/wp\/v2\/categories?post=90512"},{"taxonomy":"post_tag","embeddable":true,"href":"https:\/\/vinasfm.com\/noticias\/wp-json\/wp\/v2\/tags?post=90512"}],"curies":[{"name":"wp","href":"https:\/\/api.w.org\/{rel}","templated":true}]}}