{"id":90445,"date":"2021-05-29T15:00:47","date_gmt":"2021-05-29T18:00:47","guid":{"rendered":"http:\/\/vinasfm.com\/noticias\/?p=90445"},"modified":"2021-05-31T09:02:27","modified_gmt":"2021-05-31T12:02:27","slug":"avanzan-las-obras-en-el-cementerio-municipal-de-ciudad","status":"publish","type":"post","link":"https:\/\/vinasfm.com\/noticias\/avanzan-las-obras-en-el-cementerio-municipal-de-ciudad\/","title":{"rendered":"AVANZAN LAS OBRAS EN EL CEMENTERIO MUNICIPAL DE CIUDAD"},"content":{"rendered":"<h4><span style=\"color: #000000;\"><strong>Desde 2016, por decisi\u00f3n del Intendente Walther Marcolini, se iniciaron los trabajos de hormigonado, reconstrucci\u00f3n de pisos, acequias, y reforestaci\u00f3n de calles principales del Cementerio de Ciudad. Este jueves, el mandatario recorri\u00f3 el avance de obra junto al Secretario de Obras y Servicios P\u00fablicos Ignacio Castro.<\/strong><\/span><\/h4>\n<div id=\"attachment_90447\" style=\"width: 300px\" class=\"wp-caption alignleft\"><a href=\"http:\/\/vinasfm.com\/noticias\/wp-content\/uploads\/2021\/05\/191928620_886131085306055_819993573157385793_n.jpg\"><img loading=\"lazy\" decoding=\"async\" aria-describedby=\"caption-attachment-90447\" class=\"wp-image-90447 size-medium\" src=\"http:\/\/vinasfm.com\/noticias\/wp-content\/uploads\/2021\/05\/191928620_886131085306055_819993573157385793_n-300x200.jpg\" alt=\"\" width=\"300\" height=\"200\" srcset=\"https:\/\/vinasfm.com\/noticias\/wp-content\/uploads\/2021\/05\/191928620_886131085306055_819993573157385793_n-300x200.jpg 300w, https:\/\/vinasfm.com\/noticias\/wp-content\/uploads\/2021\/05\/191928620_886131085306055_819993573157385793_n-768x512.jpg 768w, https:\/\/vinasfm.com\/noticias\/wp-content\/uploads\/2021\/05\/191928620_886131085306055_819993573157385793_n.jpg 960w\" sizes=\"auto, (max-width: 300px) 100vw, 300px\" \/><\/a><p id=\"caption-attachment-90447\" class=\"wp-caption-text\">Int. Marcolini e Ignacio Castro recorriendo obras.<\/p><\/div>\n<p><span style=\"color: #000000;\">El total de la obra demanda <strong>16.000m2 de piso<\/strong>, <strong>se han ejecutado m\u00e1s de 5.000m2 de pisos y m\u00e1s de 700m de cunetas, puentes y accesos peatonales<\/strong>, detall\u00f3 el Secretario y resalt\u00f3 que se trabaja de forma permanente por administraci\u00f3n, es decir que se hace en su totalidad con fondos y mano de obra municipal. \u201c<strong><em>En 2021 se ha ejecutado 1500m2 de piso y esperamos cerrar el a\u00f1o con 2500m2 de piso culminado<\/em><\/strong>\u201d, destac\u00f3 el<strong> Secretario de Obras P\u00fablicas Ignacio Castro<\/strong>.<\/span><\/p>\n<p><span style=\"color: #000000;\">Durante este proceso se aprovech\u00f3 para hacer desagotes y nivelaci\u00f3n: \u201c<strong><em>A\u00fan hay lugares inaccesibles para personas con silla de ruedas o algunos adultos mayores, sin embargo, donde se ha realizado la obra, pueden transitar tranquilamente<\/em><\/strong>\u201d, expres\u00f3 Castro.<\/span><\/p>\n<p><span style=\"color: #000000;\">Personal t\u00e9cnico est\u00e1 evaluando la oportunidad para ubicar un cinerario en la parte trasera del Cementerio, adem\u00e1s de ejecutar alguna otra obra en el parque de ingreso.<\/span><\/p>\n<p><span style=\"color: #000000;\">Respecto a obras de asfalto, &#8216;<strong><em>el martes pr\u00f3ximo se van realizar trabajos de imprimaci\u00f3n en las calles Jos\u00e9 Hern\u00e1ndez, Bogaichuk y algunas de Carmensa que cuentan con la caja estructural&#8217;<\/em><\/strong>, especific\u00f3 el funcionario.<\/span><\/p>\n<h5><span style=\"color: #000000;\">\u2022F.B.<\/span><\/h5>\n","protected":false},"excerpt":{"rendered":"<p>Desde 2016, por decisi\u00f3n del Intendente Walther Marcolini, se iniciaron los trabajos de hormigonado, reconstrucci\u00f3n de pisos, acequias, y reforestaci\u00f3n de &#8230;<\/p>\n","protected":false},"author":8,"featured_media":90446,"comment_status":"open","ping_status":"open","sticky":false,"template":"","format":"standard","meta":{"footnotes":""},"categories":[5,29],"tags":[],"class_list":["post-90445","post","type-post","status-publish","format-standard","has-post-thumbnail","hentry","category-actualidad","category-obras-y-servicios"],"_links":{"self":[{"href":"https:\/\/vinasfm.com\/noticias\/wp-json\/wp\/v2\/posts\/90445","targetHints":{"allow":["GET"]}}],"collection":[{"href":"https:\/\/vinasfm.com\/noticias\/wp-json\/wp\/v2\/posts"}],"about":[{"href":"https:\/\/vinasfm.com\/noticias\/wp-json\/wp\/v2\/types\/post"}],"author":[{"embeddable":true,"href":"https:\/\/vinasfm.com\/noticias\/wp-json\/wp\/v2\/users\/8"}],"replies":[{"embeddable":true,"href":"https:\/\/vinasfm.com\/noticias\/wp-json\/wp\/v2\/comments?post=90445"}],"version-history":[{"count":1,"href":"https:\/\/vinasfm.com\/noticias\/wp-json\/wp\/v2\/posts\/90445\/revisions"}],"predecessor-version":[{"id":90448,"href":"https:\/\/vinasfm.com\/noticias\/wp-json\/wp\/v2\/posts\/90445\/revisions\/90448"}],"wp:featuredmedia":[{"embeddable":true,"href":"https:\/\/vinasfm.com\/noticias\/wp-json\/wp\/v2\/media\/90446"}],"wp:attachment":[{"href":"https:\/\/vinasfm.com\/noticias\/wp-json\/wp\/v2\/media?parent=90445"}],"wp:term":[{"taxonomy":"category","embeddable":true,"href":"https:\/\/vinasfm.com\/noticias\/wp-json\/wp\/v2\/categories?post=90445"},{"taxonomy":"post_tag","embeddable":true,"href":"https:\/\/vinasfm.com\/noticias\/wp-json\/wp\/v2\/tags?post=90445"}],"curies":[{"name":"wp","href":"https:\/\/api.w.org\/{rel}","templated":true}]}}