{"id":90203,"date":"2021-05-24T11:34:54","date_gmt":"2021-05-24T14:34:54","guid":{"rendered":"http:\/\/vinasfm.com\/noticias\/?p=90203"},"modified":"2021-05-24T13:04:01","modified_gmt":"2021-05-24T16:04:01","slug":"ajedrez-roberto-ruiz-gano-el-6to-torneo-de-la-liga-de-adultos","status":"publish","type":"post","link":"https:\/\/vinasfm.com\/noticias\/ajedrez-roberto-ruiz-gano-el-6to-torneo-de-la-liga-de-adultos\/","title":{"rendered":"AJEDREZ: ROBERTO RU\u00cdZ GAN\u00d3 EL 6TO TORNEO DE LA LIGA DE ADULTOS"},"content":{"rendered":"<h4><span style=\"color: #000000;\">El s\u00e1bado pr\u00f3ximo pasado se llev\u00f3 a cabo el 6\u00b0 torneo de la Liga de Adultos organizado por la Agrupaci\u00f3n Alvearense de Ajedrez. Roberto Ru\u00edz volvi\u00f3 a ganar y se acerc\u00f3 a Sebasti\u00e1n Garay, l\u00edder de la tabla general.<\/span><\/h4>\n<p><span style=\"color: #000000;\">El <strong>ajedrez es el \u00fanico deporte que contin\u00faa con sus competencias en el departamento, de forma virtual en la plataforma www.lichess.org<\/strong>. Y en el marco de los torneos organizados por la <strong>Agrupaci\u00f3n Alvearense de Ajedrez, este s\u00e1bado se disput\u00f3 la 6ta fecha de la Liga de Adultos<\/strong>. El ingeniero <strong>Roberto Ru\u00cdz fue campe\u00f3n producto de 5 victorias y un empate, y lleg\u00f3 al segundo lugar de la clasificaci\u00f3n general.<\/strong><\/span><\/p>\n<p><span style=\"color: #000000;\">Mientras que en <strong>2\u00b0 puesto termin\u00f3 Sebasti\u00e1n Garay (5 triunfos y una derrota), quien sigue en lo mas alto de la tabla anual<\/strong>. El<strong> tercer lugar del podio fue para Cristian Orozco (con cuatro victorias y un empate), un debutante en la categor\u00eda en el 2021<\/strong>, que ha tenido muy buenos resultados en categor\u00edas formativas.<\/span><\/p>\n<p style=\"font-weight: 400;\"><span style=\"color: #000000;\"><strong>La Liga de Adultos continuar\u00e1 el pr\u00f3ximo s\u00e1bado bajo el mismo formato, a 6 o 7 rondas<\/strong> (depende de la cantidad de participantes) <strong>y 10 minutos por jugador,<\/strong> y as\u00ed ser\u00e1 hasta la \u00faltima semana de octubre.<\/span><\/p>\n<p style=\"font-weight: 400;\"><span style=\"color: #000000;\"><b><strong>Principales Posiciones \u2013 6\u00ba Torneo de Adultos:<\/strong><\/b><\/span><\/p>\n<p style=\"font-weight: 400;\"><span style=\"color: #000000;\"><b><strong>1\u00ba\u00a0<\/strong><\/b>Roberto Ru\u00edz<b><strong>\u00a05,5 Pts<\/strong><\/b><\/span><\/p>\n<p style=\"font-weight: 400;\"><span style=\"color: #000000;\"><b><strong>2\u00ba\u00a0<\/strong><\/b>Sebasti\u00e1n Garay<b><strong>\u00a05 Pts<\/strong><\/b><\/span><\/p>\n<p style=\"font-weight: 400;\"><span style=\"color: #000000;\"><b><strong>3\u00ba\u00a0<\/strong><\/b>Cristian Orozco<b><strong>\u00a04,5 Pts<\/strong><\/b><\/span><\/p>\n<p style=\"font-weight: 400;\"><span style=\"color: #000000;\"><b><strong>4\u00ba\u00a0<\/strong><\/b>Leandro Demonte<b><strong>\u00a04 Pts<\/strong><\/b><\/span><\/p>\n<p style=\"font-weight: 400;\"><span style=\"color: #000000;\"><b><strong>5\u00ba\u00a0<\/strong><\/b>Sebasti\u00e1n Lieby<b><strong>\u00a04 Pts<\/strong><\/b><\/span><\/p>\n<p style=\"font-weight: 400;\"><span style=\"color: #000000;\"><b><strong>6\u00ba\u00a0<\/strong><\/b>Ricardo Mod\u00f3n<b><strong>\u00a04 Pts<\/strong><\/b><\/span><\/p>\n<p style=\"font-weight: 400;\"><span style=\"color: #000000;\"><b><strong>7\u00ba\u00a0<\/strong><\/b>N\u00e9stor Martini<b><strong>\u00a03,5 Pts<\/strong><\/b><\/span><\/p>\n<p style=\"font-weight: 400;\"><span style=\"color: #000000;\"><b><strong>8\u00ba\u00a0<\/strong><\/b>Juan Jos\u00e9 Rubio<b><strong>\u00a03 Pts<\/strong><\/b><\/span><\/p>\n<p style=\"font-weight: 400;\"><span style=\"color: #000000;\"><b><strong>9\u00ba\u00a0<\/strong><\/b>Lucas Arenas<b><strong>\u00a03 Pts<\/strong><\/b><\/span><\/p>\n<p style=\"font-weight: 400;\"><span style=\"color: #000000;\"><b><strong>10\u00ba\u00a0<\/strong><\/b>Agust\u00edn Cuello<b><strong>\u00a03 Pts<\/strong><\/b><\/span><\/p>\n<p style=\"font-weight: 400;\"><span style=\"color: #000000;\"><b><strong>Principales Posiciones \u2013 Liga departamental de Adultos (jugados 6 de los torneos que la componen):<\/strong><\/b><\/span><\/p>\n<p style=\"font-weight: 400;\"><span style=\"color: #000000;\"><b><strong>1\u00ba\u00a0<\/strong><\/b>Sebasti\u00e1n Garay<b><strong>\u00a078 Pts<\/strong><\/b><\/span><\/p>\n<p style=\"font-weight: 400;\"><span style=\"color: #000000;\"><b><strong>2\u00ba\u00a0<\/strong><\/b>Roberto Ru\u00edz<b><strong>\u00a067 Pts<\/strong><\/b><\/span><\/p>\n<p style=\"font-weight: 400;\"><span style=\"color: #000000;\"><b><strong>3\u00ba\u00a0<\/strong><\/b>Sebasti\u00e1n Lieby<b><strong>\u00a062 Pts<\/strong><\/b><\/span><\/p>\n<p style=\"font-weight: 400;\"><span style=\"color: #000000;\"><b><strong>4\u00ba\u00a0<\/strong><\/b>Cristian Orozco<b><strong>\u00a044 Pts<\/strong><\/b><\/span><\/p>\n<p style=\"font-weight: 400;\"><span style=\"color: #000000;\"><b><strong>5\u00ba\u00a0<\/strong><\/b>Juan Jos\u00e9 Rubio<b><strong>\u00a042 Pts<\/strong><\/b><\/span><\/p>\n<p style=\"font-weight: 400;\"><span style=\"color: #000000;\"><b><strong>6\u00ba\u00a0<\/strong><\/b>Leandro Demonte<b><strong>\u00a020 Pts<\/strong><\/b><\/span><\/p>\n<p style=\"font-weight: 400;\"><span style=\"color: #000000;\"><b><strong>7\u00ba\u00a0<\/strong><\/b>Daniel Freites<b><strong>\u00a018 Pts<\/strong><\/b><\/span><\/p>\n<p style=\"font-weight: 400;\"><span style=\"color: #000000;\"><b><strong>8\u00ba\u00a0<\/strong><\/b>Lucas Arenas<b><strong>\u00a018 Pts<\/strong><\/b><\/span><\/p>\n<p style=\"font-weight: 400;\"><span style=\"color: #000000;\"><b><strong>9\u00ba\u00a0<\/strong><\/b>Nahuel Villegas<b><strong>\u00a014 Pts<\/strong><\/b><\/span><\/p>\n<p style=\"font-weight: 400;\"><span style=\"color: #000000;\"><b><strong>10\u00ba\u00a0<\/strong><\/b>Cristian Martina<b><strong>\u00a014 Pts<\/strong><\/b><\/span><\/p>\n<p>\u2022<strong><span style=\"color: #000000;\">L.A.<\/span><\/strong><\/p>\n","protected":false},"excerpt":{"rendered":"<p>El s\u00e1bado pr\u00f3ximo pasado se llev\u00f3 a cabo el 6\u00b0 torneo de la Liga de Adultos organizado por la Agrupaci\u00f3n Alvearense &#8230;<\/p>\n","protected":false},"author":7,"featured_media":88206,"comment_status":"open","ping_status":"open","sticky":false,"template":"","format":"standard","meta":{"footnotes":""},"categories":[5,3],"tags":[],"class_list":["post-90203","post","type-post","status-publish","format-standard","has-post-thumbnail","hentry","category-actualidad","category-deportes"],"_links":{"self":[{"href":"https:\/\/vinasfm.com\/noticias\/wp-json\/wp\/v2\/posts\/90203","targetHints":{"allow":["GET"]}}],"collection":[{"href":"https:\/\/vinasfm.com\/noticias\/wp-json\/wp\/v2\/posts"}],"about":[{"href":"https:\/\/vinasfm.com\/noticias\/wp-json\/wp\/v2\/types\/post"}],"author":[{"embeddable":true,"href":"https:\/\/vinasfm.com\/noticias\/wp-json\/wp\/v2\/users\/7"}],"replies":[{"embeddable":true,"href":"https:\/\/vinasfm.com\/noticias\/wp-json\/wp\/v2\/comments?post=90203"}],"version-history":[{"count":1,"href":"https:\/\/vinasfm.com\/noticias\/wp-json\/wp\/v2\/posts\/90203\/revisions"}],"predecessor-version":[{"id":90207,"href":"https:\/\/vinasfm.com\/noticias\/wp-json\/wp\/v2\/posts\/90203\/revisions\/90207"}],"wp:featuredmedia":[{"embeddable":true,"href":"https:\/\/vinasfm.com\/noticias\/wp-json\/wp\/v2\/media\/88206"}],"wp:attachment":[{"href":"https:\/\/vinasfm.com\/noticias\/wp-json\/wp\/v2\/media?parent=90203"}],"wp:term":[{"taxonomy":"category","embeddable":true,"href":"https:\/\/vinasfm.com\/noticias\/wp-json\/wp\/v2\/categories?post=90203"},{"taxonomy":"post_tag","embeddable":true,"href":"https:\/\/vinasfm.com\/noticias\/wp-json\/wp\/v2\/tags?post=90203"}],"curies":[{"name":"wp","href":"https:\/\/api.w.org\/{rel}","templated":true}]}}