{"id":90159,"date":"2021-05-24T10:02:57","date_gmt":"2021-05-24T13:02:57","guid":{"rendered":"http:\/\/vinasfm.com\/noticias\/?p=90159"},"modified":"2021-05-27T07:26:01","modified_gmt":"2021-05-27T10:26:01","slug":"el-alvearense-angelo-zancan-termino-2do-en-la-tercera-fecha-del-superprestigio-mtb","status":"publish","type":"post","link":"https:\/\/vinasfm.com\/noticias\/el-alvearense-angelo-zancan-termino-2do-en-la-tercera-fecha-del-superprestigio-mtb\/","title":{"rendered":"EL ALVEARENSE \u00c1NGELO ZANC\u00c1N TERMIN\u00d3 2DO EN LA TERCERA FECHA DEL SUPERPRESTIGIO MTB"},"content":{"rendered":"<h4><strong><span style=\"color: #000000;\">El ciclista \u00c1ngelo Zanc\u00e1n termin\u00f3 en segundo lugar en la tercera etapa del Superprestigio MTB, una de las competencias m\u00e1s importantes de Mountain Bike en Europa. El alvearense que corre para el Kross Racing Team ha puntuado en las tres fechas disputadas y llega bien posicionado a la \u00faltima fecha que se disputar\u00e1 el 27 de junio.<\/span><\/strong><\/h4>\n<p><span style=\"color: #000000;\">Pocos d\u00edas despu\u00e9s de una <strong>descompensaci\u00f3n que lo margin\u00f3 de un buen resultado en el &#8216;Open Espa\u00f1a XCO Quebrantahuesos&#8217;,<\/strong> <strong>\u00c1ngelo Zanc\u00e1n volvi\u00f3 a dar la nota con su mejor actuaci\u00f3n en tierras europeas<\/strong>. Tras un <strong>5\u00b0 puesto en la primera jornada de competencia<\/strong> disputada en La Rioja y <strong>el 10\u00b0 lugar en la carrera de Tibi (Alicante)<\/strong>, <strong>este domingo logr\u00f3 su mejor resultado deportivo hasta el momento, con un segundo puesto<\/strong> en Elba, otra ciudad de Alicante.<\/span><\/p>\n<p><span style=\"color: #000000;\">Con un tiempo de<strong> 1 hora, 10 minutos y 32 segundos<\/strong>, el ciclista oriundo de nuestro departamento <strong>qued\u00f3 en la segunda posici\u00f3n de la clasificaci\u00f3n Junior, a 2 minutos y 17 segundos de distancia del espa\u00f1ol Marc Masana<\/strong>. Gracias a esta gran carrera, Zanc\u00e1n se ubica entre las mejores posiciones de la tabla general, en un <strong>campeonato que tendr\u00e1 su cuarta y \u00faltima fecha el d\u00eda 27 del pr\u00f3ximo mes.<\/strong><\/span><\/p>\n<h5><span style=\"color: #000000;\">\u2022L.A.<\/span><\/h5>\n","protected":false},"excerpt":{"rendered":"<p>El ciclista \u00c1ngelo Zanc\u00e1n termin\u00f3 en segundo lugar en la tercera etapa del Superprestigio MTB, una de las competencias m\u00e1s importantes &#8230;<\/p>\n","protected":false},"author":7,"featured_media":88299,"comment_status":"open","ping_status":"open","sticky":false,"template":"","format":"standard","meta":{"footnotes":""},"categories":[5,3],"tags":[],"class_list":["post-90159","post","type-post","status-publish","format-standard","has-post-thumbnail","hentry","category-actualidad","category-deportes"],"_links":{"self":[{"href":"https:\/\/vinasfm.com\/noticias\/wp-json\/wp\/v2\/posts\/90159","targetHints":{"allow":["GET"]}}],"collection":[{"href":"https:\/\/vinasfm.com\/noticias\/wp-json\/wp\/v2\/posts"}],"about":[{"href":"https:\/\/vinasfm.com\/noticias\/wp-json\/wp\/v2\/types\/post"}],"author":[{"embeddable":true,"href":"https:\/\/vinasfm.com\/noticias\/wp-json\/wp\/v2\/users\/7"}],"replies":[{"embeddable":true,"href":"https:\/\/vinasfm.com\/noticias\/wp-json\/wp\/v2\/comments?post=90159"}],"version-history":[{"count":4,"href":"https:\/\/vinasfm.com\/noticias\/wp-json\/wp\/v2\/posts\/90159\/revisions"}],"predecessor-version":[{"id":90396,"href":"https:\/\/vinasfm.com\/noticias\/wp-json\/wp\/v2\/posts\/90159\/revisions\/90396"}],"wp:featuredmedia":[{"embeddable":true,"href":"https:\/\/vinasfm.com\/noticias\/wp-json\/wp\/v2\/media\/88299"}],"wp:attachment":[{"href":"https:\/\/vinasfm.com\/noticias\/wp-json\/wp\/v2\/media?parent=90159"}],"wp:term":[{"taxonomy":"category","embeddable":true,"href":"https:\/\/vinasfm.com\/noticias\/wp-json\/wp\/v2\/categories?post=90159"},{"taxonomy":"post_tag","embeddable":true,"href":"https:\/\/vinasfm.com\/noticias\/wp-json\/wp\/v2\/tags?post=90159"}],"curies":[{"name":"wp","href":"https:\/\/api.w.org\/{rel}","templated":true}]}}