{"id":90112,"date":"2021-05-24T11:45:38","date_gmt":"2021-05-24T14:45:38","guid":{"rendered":"http:\/\/vinasfm.com\/noticias\/?p=90112"},"modified":"2021-05-24T13:03:47","modified_gmt":"2021-05-24T16:03:47","slug":"andres-vavrik-llego-a-un-acuerdo-con-el-intendente-tras-una-manifestacion-de-comerciantes-en-la-municipalidad","status":"publish","type":"post","link":"https:\/\/vinasfm.com\/noticias\/andres-vavrik-llego-a-un-acuerdo-con-el-intendente-tras-una-manifestacion-de-comerciantes-en-la-municipalidad\/","title":{"rendered":"EL INTENDENTE SE COMPROMETI\u00d3 CON LOS COMERCIANTES A RESTABLECER LA &#8216;NORMALIDAD&#8217; EL 31 DE MAYO"},"content":{"rendered":"<h4><strong><span style=\"color: #000000;\">Un grupo de comerciantes entre los que estaban Andr\u00e9s Vavrik, presidente de la C\u00e1mara de Comercio, y Marina Rodr\u00edguez, de la espec\u00edfica de Comercio, llegaron a la Municipalidad para exponer sus puntos en contra de las nuevas restricciones. Tras una reuni\u00f3n de Vavrik con el Intendente Marcolini, el contingente se fue con la promesa de que esta restricci\u00f3n solo durar\u00e1 9 d\u00edas.<\/span><\/strong><\/h4>\n<p><span style=\"color: #000000;\">Este s\u00e1bado al mediod\u00eda un grupo de m\u00e1s de 30 comerciantes llegaron al Palacio Municipal para dejar en claro su postura en contra de las restricciones a los comercios establecidos. De parte del Municipio, el Intendente Walther Marcolini le explic\u00f3 el alcance del nuevo decreto a Andr\u00e9s Vavrik.<\/span><\/p>\n<p><span style=\"color: #000000;\">El presidente de la <strong>C\u00e1mara de Comercio, en di\u00e1logo con FM VI\u00d1AS<\/strong> explic\u00f3: <em><strong>\u00abVinimos a manifestar la disconformidad general del comercio. El Intendente nos ha marcado que con el decreto provincial se permite a los comercios hacer la modalidad delivery o pase y lleve. Podr\u00edamos aligerar un poco para que puedan trabajar en estos d\u00edas y la gente aguante as\u00ed\u00bb.<\/strong><\/em><\/span><\/p>\n<p><span style=\"color: #000000;\">Por otro lado, <strong>Vavrik declar\u00f3: <em>\u00abNos transmitieron el compromiso total de que a fin de mes se vuelve a c\u00f3mo est\u00e1bamos ayer\u00bb<\/em><\/strong><em>.<\/em> Lo mismo prometi\u00f3 Marcela Juri, Directora de Inspecci\u00f3n General, con la aclaraci\u00f3n de que no van a tener en cuenta para esa nueva medida, la decisi\u00f3n del gobierno nacional. Adem\u00e1s, para hacerles m\u00e1s llevaderos estos d\u00edas al sector privado, cerr\u00f3:<em><strong> \u00abPedimos que se suspenda el cobro de las tasas del estado en general, asi que hay un compromiso en ese sentido\u00bb.<\/strong><\/em><\/span><\/p>\n<p><span style=\"color: #000000;\">\u2022L.A.<\/span><\/p>\n","protected":false},"excerpt":{"rendered":"<p>Un grupo de comerciantes entre los que estaban Andr\u00e9s Vavrik, presidente de la C\u00e1mara de Comercio, y Marina Rodr\u00edguez, de la &#8230;<\/p>\n","protected":false},"author":8,"featured_media":90115,"comment_status":"open","ping_status":"open","sticky":false,"template":"","format":"standard","meta":{"footnotes":""},"categories":[5,69],"tags":[],"class_list":["post-90112","post","type-post","status-publish","format-standard","has-post-thumbnail","hentry","category-actualidad","category-comercio"],"_links":{"self":[{"href":"https:\/\/vinasfm.com\/noticias\/wp-json\/wp\/v2\/posts\/90112","targetHints":{"allow":["GET"]}}],"collection":[{"href":"https:\/\/vinasfm.com\/noticias\/wp-json\/wp\/v2\/posts"}],"about":[{"href":"https:\/\/vinasfm.com\/noticias\/wp-json\/wp\/v2\/types\/post"}],"author":[{"embeddable":true,"href":"https:\/\/vinasfm.com\/noticias\/wp-json\/wp\/v2\/users\/8"}],"replies":[{"embeddable":true,"href":"https:\/\/vinasfm.com\/noticias\/wp-json\/wp\/v2\/comments?post=90112"}],"version-history":[{"count":6,"href":"https:\/\/vinasfm.com\/noticias\/wp-json\/wp\/v2\/posts\/90112\/revisions"}],"predecessor-version":[{"id":90178,"href":"https:\/\/vinasfm.com\/noticias\/wp-json\/wp\/v2\/posts\/90112\/revisions\/90178"}],"wp:featuredmedia":[{"embeddable":true,"href":"https:\/\/vinasfm.com\/noticias\/wp-json\/wp\/v2\/media\/90115"}],"wp:attachment":[{"href":"https:\/\/vinasfm.com\/noticias\/wp-json\/wp\/v2\/media?parent=90112"}],"wp:term":[{"taxonomy":"category","embeddable":true,"href":"https:\/\/vinasfm.com\/noticias\/wp-json\/wp\/v2\/categories?post=90112"},{"taxonomy":"post_tag","embeddable":true,"href":"https:\/\/vinasfm.com\/noticias\/wp-json\/wp\/v2\/tags?post=90112"}],"curies":[{"name":"wp","href":"https:\/\/api.w.org\/{rel}","templated":true}]}}