{"id":90078,"date":"2021-05-24T23:55:20","date_gmt":"2021-05-25T02:55:20","guid":{"rendered":"http:\/\/vinasfm.com\/noticias\/?p=90078"},"modified":"2021-05-25T10:15:26","modified_gmt":"2021-05-25T13:15:26","slug":"el-dr-salazar-justifico-el-uso-de-ibuprofeno-inhalado-e-ivermectina-para-combatir-el-coronavirus","status":"publish","type":"post","link":"https:\/\/vinasfm.com\/noticias\/el-dr-salazar-justifico-el-uso-de-ibuprofeno-inhalado-e-ivermectina-para-combatir-el-coronavirus\/","title":{"rendered":"EL DR. SALAZAR JUSTIFIC\u00d3 EL USO DE IBUPROFENO INHALADO E IVERMECTINA PARA COMBATIR EL CORONAVIRUS"},"content":{"rendered":"<h4><strong><span style=\"color: #000000;\">El cirujano Carlos Salazar, Director del Sanatorio GASA, explic\u00f3 los fundamentos cient\u00edficos y experimentales en que se basa para la utilizaci\u00f3n de ivermectina e ibuprofeno inhalado en pacientes enfermos de coronavirus. Adem\u00e1s, se refiri\u00f3 a la dif\u00edcil situaci\u00f3n que atraviesa el departamento con la segunda ola de la pandemia.<\/span><\/strong><\/h4>\n<p><span style=\"color: #000000;\">Debido a <strong>la compleja situaci\u00f3n que atraviesa Alvear con la segunda ola de coronavirus y a los limitados recursos medicinales <\/strong>para salvar las vidas de los pacientes,<strong> Carlos Salazar desarroll\u00f3 su postura con respecto a posibles alternativas<\/strong> para contrarrestar la enfermedad. <strong>En di\u00e1logo con FM VI\u00d1AS, el Director del Sanatorio GASA explic\u00f3: <em>\u00abNo me voy a basar en esperar un estudio cient\u00edfico con m\u00e1s de diez mil pacientes, no tenemos tiempo. Entonces, viendo que hay ciertos medicamentos autorizados para el uso compasivo, y que dan buenos resultados, conf\u00edo en mis colegas\u00bb.<\/em><\/strong><\/span><\/p>\n<p><span style=\"color: #000000;\">Con respecto al ibuprofeno inhalado, sostuvo: \u00ab<em><strong>El a\u00f1o pasado lo pudimos ver en cl\u00ednicas de C\u00f3rdoba, con una experiencia amplia y por eso decidimos usarlo. Si el cuadro se complica y la saturaci\u00f3n baja del 95 por ciento, se puede utilizar el ibuprofeno, sumado a otros medicamentos, como corticoides y antibi\u00f3ticos\u00bb.<\/strong><\/em> Adem\u00e1s, en relaci\u00f3n a la experiencia observada por los especialistas cordobeses, agreg\u00f3: <em><strong>\u00abLo est\u00e1n utilizando en domicilios particulares y en pacientes con respirador, obviamente en esos casos con pocas chances de que tengan un buen efecto. Por eso, lo importante es actuar precozmente\u00bb.<\/strong><\/em><\/span><\/p>\n<p><span style=\"color: #000000;\">Adem\u00e1s, al ser consultado sobre por qu\u00e9 a\u00fan no es de uso masivo, Salazar manifest\u00f3: <em><strong>\u00abEs una investigaci\u00f3n argentina, que empez\u00f3 en C\u00f3rdoba para la fibriosis qu\u00edstica, y la ANMAT tampoco la ha aprobado con ese uso. Pero ante la urgencia y conociendo perfectamente c\u00f3mo funciona a nivel molecular, lo aplicaron a pacientes con covid, convencidos de que iba a funcionar\u00bb<\/strong><\/em>. Tras esta primera experiencia, agreg\u00f3: <em><strong>\u00abCuando me toc\u00f3 estar en la cl\u00ednica con mi mam\u00e1, llevaban 150 pacientes con resultados muy buenos, y por eso decid\u00ed incluirlo en el tratamiento precoz porque puede disminuir la cantidad de internaciones\u00bb.<\/strong><\/em><\/span><\/p>\n<p><span style=\"color: #000000;\">En cuanto a contraindicaciones, <strong>a diferencia del argumento sostenido por Neumon\u00f3logo Cord\u00f3n D\u00edaz en di\u00e1logo con FM VI\u00d1AS, Salazar minimiz\u00f3 el riesgo de transmisi\u00f3n del virus para el personal de salud.<\/strong> <em><strong>\u00abLa aerosolizaci\u00f3n de pacientes con mascarilla, que est\u00e1n las 24 horas del d\u00eda con ox\u00edgeno, es poca. La nebulizaci\u00f3n tarda de 8 a 10 minutos como mucho, donde el enfermero no tiene la necesidad de estar en contacto con el paciente y no hay ning\u00fan trabajo cient\u00edfico que muestre que los profesionales de la salud se contagiaron\u00bb<\/strong><\/em>, asegur\u00f3 el Doctor, y dijo que tampoco hay riesgos en domicilios particulares porque basta con una buena ventilaci\u00f3n de la habitaci\u00f3n.<\/span><\/p>\n<p><span style=\"color: #000000;\">En la misma l\u00ednea de evitar el avance de la enfermedad, aval\u00f3 la ivermectina: <em><strong>\u00abLo utilizamos como tratamiento preventivo<\/strong><\/em><strong> (dos comprimidos por semana durante 8 semanas y un descanso de 4 meses)<\/strong><em><strong> y en fase de tratamiento <\/strong><\/em><strong>(un comprimido todos los d\u00edas)<\/strong><em><strong>. No pretendemos curar al paciente con una sola toma, ya que se necesita una dosis alt\u00edsima, sino que el cuadro no sea tan grave\u00bb.<\/strong><\/em> Por esa raz\u00f3n, explic\u00f3: <em><strong>\u00abPor m\u00e1s que tengamos una dosis inferior a la que anula el virus, la usamos porque disminuye la intensidad\u00bb.<\/strong> <\/em>Y a favor de este medicamento, asegur\u00f3 que est\u00e1 autorizado por la ANMAT, pese a no ser precisamente recomendado para el tratamiento del Covid-19.<\/span><\/p>\n<p><span style=\"color: #000000;\">Por \u00faltimo, saliendo de alternativas particulares, se mostr\u00f3 abierto a nuevas posibles soluciones que surjan para combatir la enfermedad y expres\u00f3: <em><strong>\u00abLa OMS me decepcion\u00f3 porque en octubre del a\u00f1o pasado estaban discutiendo que no serv\u00eda el uso del barbijo, cuando yo opero con barbijo hace 20 a\u00f1os. Desde ah\u00ed empec\u00e9 a dudar, y como dec\u00edan mis profesores, ustedes siempre tienen el beneficio de la duda, para actuar d\u00f3nde consideren que es correcto\u00bb.<\/strong><\/em> Con este fundamento, cerr\u00f3: <em><strong>\u00abTenemos que tomar decisiones base a los recursos que tenemos en Alvear y en base esto, tenemos una experiencia muy distinta de la que pueden tener otros lugares\u00bb.<\/strong><\/em><\/span><\/p>\n<h5><span style=\"color: #000000;\">\u2022L.A.<\/span><\/h5>\n","protected":false},"excerpt":{"rendered":"<p>El cirujano Carlos Salazar, Director del Sanatorio GASA, explic\u00f3 los fundamentos cient\u00edficos y experimentales en que se basa para la utilizaci\u00f3n &#8230;<\/p>\n","protected":false},"author":7,"featured_media":90142,"comment_status":"open","ping_status":"open","sticky":false,"template":"","format":"standard","meta":{"footnotes":""},"categories":[5,15],"tags":[],"class_list":["post-90078","post","type-post","status-publish","format-standard","has-post-thumbnail","hentry","category-actualidad","category-salud"],"_links":{"self":[{"href":"https:\/\/vinasfm.com\/noticias\/wp-json\/wp\/v2\/posts\/90078","targetHints":{"allow":["GET"]}}],"collection":[{"href":"https:\/\/vinasfm.com\/noticias\/wp-json\/wp\/v2\/posts"}],"about":[{"href":"https:\/\/vinasfm.com\/noticias\/wp-json\/wp\/v2\/types\/post"}],"author":[{"embeddable":true,"href":"https:\/\/vinasfm.com\/noticias\/wp-json\/wp\/v2\/users\/7"}],"replies":[{"embeddable":true,"href":"https:\/\/vinasfm.com\/noticias\/wp-json\/wp\/v2\/comments?post=90078"}],"version-history":[{"count":9,"href":"https:\/\/vinasfm.com\/noticias\/wp-json\/wp\/v2\/posts\/90078\/revisions"}],"predecessor-version":[{"id":90151,"href":"https:\/\/vinasfm.com\/noticias\/wp-json\/wp\/v2\/posts\/90078\/revisions\/90151"}],"wp:featuredmedia":[{"embeddable":true,"href":"https:\/\/vinasfm.com\/noticias\/wp-json\/wp\/v2\/media\/90142"}],"wp:attachment":[{"href":"https:\/\/vinasfm.com\/noticias\/wp-json\/wp\/v2\/media?parent=90078"}],"wp:term":[{"taxonomy":"category","embeddable":true,"href":"https:\/\/vinasfm.com\/noticias\/wp-json\/wp\/v2\/categories?post=90078"},{"taxonomy":"post_tag","embeddable":true,"href":"https:\/\/vinasfm.com\/noticias\/wp-json\/wp\/v2\/tags?post=90078"}],"curies":[{"name":"wp","href":"https:\/\/api.w.org\/{rel}","templated":true}]}}