{"id":90026,"date":"2021-05-21T23:15:39","date_gmt":"2021-05-22T02:15:39","guid":{"rendered":"http:\/\/vinasfm.com\/noticias\/?p=90026"},"modified":"2021-05-24T09:46:47","modified_gmt":"2021-05-24T12:46:47","slug":"a-damian-carbo-le-preocupa-el-desconocimiento-del-gobierno-por-el-cierre-de-exportaciones-a-la-carne","status":"publish","type":"post","link":"https:\/\/vinasfm.com\/noticias\/a-damian-carbo-le-preocupa-el-desconocimiento-del-gobierno-por-el-cierre-de-exportaciones-a-la-carne\/","title":{"rendered":"A DAMI\u00c1N CARB\u00d3 LE PREOCUPA EL DESCONOCIMIENTO DEL GOBIERNO POR EL CIERRE DE EXPORTACIONES A LA CARNE"},"content":{"rendered":"<h4><strong><span style=\"color: #000000;\">El Director de Ganader\u00eda habl\u00f3 del impacto negativo del cierre de exportaci\u00f3n de la carne en la regi\u00f3n, porque privan al sector de vender un producto que no tiene valor en el mercado interno como la vaca vieja. Adem\u00e1s, asegur\u00f3 que esto tampoco beneficiar\u00e1 a los consumidores finales.<\/span><\/strong><\/h4>\n<p><span style=\"color: #000000;\">En di\u00e1logo con <strong>F.M. VI\u00d1AS, el Director de Ganader\u00eda Dami\u00e1n Carb\u00f3<\/strong> critic\u00f3 al gobierno nacional por el cierre de las exportaciones a la carne, principalmente por el objetivo que tienen de bajar el precio para los consumidores: <em><strong>\u00abMe da p\u00e1nico porque, en este sector que uno conoce, ve el poco nivel de conocimiento que tienen los que toman decisiones y me imagino que en todas las otras \u00e1reas y es algo que me preocupa\u00bb<\/strong><\/em>. En este sentido, agreg\u00f3: <em><strong>\u00abSe puede exportar tranquilamente, ganar en el mercado que mejor nos pague en el mundo y al mismo tiempo sacar a la carnicer\u00eda un corte que est\u00e9 al alcance de cualquier argentino\u00bb.<\/strong><\/em><\/span><\/p>\n<p><span style=\"color: #000000;\">Y con respecto al consumo interno, agreg\u00f3: <em><strong>\u00abEl bife en la carnicer\u00eda tiene 30% de impuestos. No quiero estirarme en econom\u00eda, porque no es mi \u00e1rea pero lo b\u00e1sico es que si se quiere tener algo m\u00e1s barato, hay que tener m\u00e1s ofertas. Y para eso hay que estimular la producci\u00f3n, para que la carne est\u00e9 al alcance de todos\u00bb.<\/strong><\/em> Por esa raz\u00f3n, sentenci\u00f3:<em><strong> \u00abPobres de los argentinos si creen que esto va a bajar el precio. Est\u00e1n da\u00f1ando a productores, consumidores y toda la cadena de comercializaci\u00f3n\u00bb.<\/strong><\/em><\/span><\/p>\n<p><span style=\"color: #000000;\">Adem\u00e1s, Carb\u00f3 tambi\u00e9n se refiri\u00f3 al impacto inmediato que tuvo en los due\u00f1os de ganado: <em><strong>\u00abEsto golpea de lleno al 100% de ganaderos de Mendoza porque nos ha pegado directo en el precio de la vaca de refugo<\/strong><\/em> (vaca que ya no puede pastar y pre\u00f1arse, y era exportada). <em><strong>No se entienden las l\u00edneas de estas pol\u00edticas y me preocupa el desaliento que estoy viendo en el sector por esta nueva cachetada\u00bb<\/strong><\/em>. Ante esta situaci\u00f3n, asegur\u00f3: <em><strong>\u00abTengo el recuerdo de vender una vaca por menos de lo que vale una zapatilla y parece que vamos a volver a eso\u00bb.<\/strong><\/em><\/span><\/p>\n<p><span style=\"color: #000000;\">\u2022<strong>L.A.<\/strong><\/span><\/p>\n","protected":false},"excerpt":{"rendered":"<p>El Director de Ganader\u00eda habl\u00f3 del impacto negativo del cierre de exportaci\u00f3n de la carne en la regi\u00f3n, porque privan al &#8230;<\/p>\n","protected":false},"author":7,"featured_media":66650,"comment_status":"open","ping_status":"open","sticky":false,"template":"","format":"standard","meta":{"footnotes":""},"categories":[5,24],"tags":[],"class_list":["post-90026","post","type-post","status-publish","format-standard","has-post-thumbnail","hentry","category-actualidad","category-ganaderia"],"_links":{"self":[{"href":"https:\/\/vinasfm.com\/noticias\/wp-json\/wp\/v2\/posts\/90026","targetHints":{"allow":["GET"]}}],"collection":[{"href":"https:\/\/vinasfm.com\/noticias\/wp-json\/wp\/v2\/posts"}],"about":[{"href":"https:\/\/vinasfm.com\/noticias\/wp-json\/wp\/v2\/types\/post"}],"author":[{"embeddable":true,"href":"https:\/\/vinasfm.com\/noticias\/wp-json\/wp\/v2\/users\/7"}],"replies":[{"embeddable":true,"href":"https:\/\/vinasfm.com\/noticias\/wp-json\/wp\/v2\/comments?post=90026"}],"version-history":[{"count":6,"href":"https:\/\/vinasfm.com\/noticias\/wp-json\/wp\/v2\/posts\/90026\/revisions"}],"predecessor-version":[{"id":90050,"href":"https:\/\/vinasfm.com\/noticias\/wp-json\/wp\/v2\/posts\/90026\/revisions\/90050"}],"wp:featuredmedia":[{"embeddable":true,"href":"https:\/\/vinasfm.com\/noticias\/wp-json\/wp\/v2\/media\/66650"}],"wp:attachment":[{"href":"https:\/\/vinasfm.com\/noticias\/wp-json\/wp\/v2\/media?parent=90026"}],"wp:term":[{"taxonomy":"category","embeddable":true,"href":"https:\/\/vinasfm.com\/noticias\/wp-json\/wp\/v2\/categories?post=90026"},{"taxonomy":"post_tag","embeddable":true,"href":"https:\/\/vinasfm.com\/noticias\/wp-json\/wp\/v2\/tags?post=90026"}],"curies":[{"name":"wp","href":"https:\/\/api.w.org\/{rel}","templated":true}]}}