{"id":90023,"date":"2021-05-20T07:38:44","date_gmt":"2021-05-20T10:38:44","guid":{"rendered":"http:\/\/vinasfm.com\/noticias\/?p=90023"},"modified":"2021-05-23T21:48:20","modified_gmt":"2021-05-24T00:48:20","slug":"alvear-registro-19-contagios-y-un-fallecimiento-por-coronavirus","status":"publish","type":"post","link":"https:\/\/vinasfm.com\/noticias\/alvear-registro-19-contagios-y-un-fallecimiento-por-coronavirus\/","title":{"rendered":"ALVEAR REGISTR\u00d3 19 CONTAGIOS Y UN FALLECIMIENTO POR CORONAVIRUS"},"content":{"rendered":"<h4><span style=\"color: #000000;\"><strong>General Alvear report\u00f3 19 casos positivos en las \u00faltimas 24 horas, lapso en el que confirm\u00f3 la recuperaci\u00f3n de 60 pacientes y el fallecimiento de una mujer de 77 a\u00f1os.<\/strong><\/span><\/h4>\n<p><span style=\"color: #000000;\">Al momento, el total de casos acumulados en el\u00a0<em><strong>Hospital Enfermeros Argentinos<\/strong><\/em>\u00a0es de\u00a0<em><strong>4.186 <\/strong><\/em>desde el comienzo de la pandemia de los cuales <strong><em>399 <\/em>transitan actualmente la enfermedad<\/strong>,\u00a0<strong><em>3638 <\/em>se han recuperado<\/strong>\u00a0y\u00a0<strong><em>149<\/em>\u00a0pacientes han perdido la vida.<\/strong><\/span><\/p>\n<h4 style=\"text-align: center;\"><span style=\"color: #000000;\"><strong>INFORME REGI\u00d3N SUR<\/strong><\/span><\/h4>\n<p><span style=\"color: #000000;\">Este <strong><em>jueves<\/em><\/strong>, entre los tres departamentos del Sur se realizaron<strong> 682 PCR<\/strong>\u00a0resultando\u00a0<strong>293 muestras positivas<\/strong> para Covid-19 y\u00a0<strong>389<em>\u00a0<\/em>negativas<\/strong>.<\/span><\/p>\n<ul>\n<li><span style=\"color: #000000;\"><strong>GENERAL ALVEAR: 19 casos positivos.<\/strong><\/span><\/li>\n<li><span style=\"color: #000000;\"><strong>SAN RAFAEL: 242 casos positivos.<\/strong><\/span><\/li>\n<li><span style=\"color: #000000;\"><strong>MALARG\u00dcE: 32 casos positivos.<\/strong><\/span><\/li>\n<\/ul>\n<p><span style=\"color: #000000;\">Con estas cifras, San Rafael, General Alvear y Malarg\u00fce cuentan con\u00a0<strong>17.958 casos confirmados<\/strong>\u00a0desde el inicio de la pandemia de los cuales\u00a0<strong>13.625 se han recuperado<\/strong>\u00a0y\u00a0<strong>418 han fallecido<\/strong>.<\/span><\/p>\n<p><span style=\"color: #000000;\">\u2022L.A.<\/span><\/p>\n","protected":false},"excerpt":{"rendered":"<p>General Alvear report\u00f3 19 casos positivos en las \u00faltimas 24 horas, lapso en el que confirm\u00f3 la recuperaci\u00f3n de 60 pacientes &#8230;<\/p>\n","protected":false},"author":7,"featured_media":70682,"comment_status":"open","ping_status":"open","sticky":false,"template":"","format":"standard","meta":{"footnotes":""},"categories":[5,62],"tags":[],"class_list":["post-90023","post","type-post","status-publish","format-standard","has-post-thumbnail","hentry","category-actualidad","category-coronavirus"],"_links":{"self":[{"href":"https:\/\/vinasfm.com\/noticias\/wp-json\/wp\/v2\/posts\/90023","targetHints":{"allow":["GET"]}}],"collection":[{"href":"https:\/\/vinasfm.com\/noticias\/wp-json\/wp\/v2\/posts"}],"about":[{"href":"https:\/\/vinasfm.com\/noticias\/wp-json\/wp\/v2\/types\/post"}],"author":[{"embeddable":true,"href":"https:\/\/vinasfm.com\/noticias\/wp-json\/wp\/v2\/users\/7"}],"replies":[{"embeddable":true,"href":"https:\/\/vinasfm.com\/noticias\/wp-json\/wp\/v2\/comments?post=90023"}],"version-history":[{"count":1,"href":"https:\/\/vinasfm.com\/noticias\/wp-json\/wp\/v2\/posts\/90023\/revisions"}],"predecessor-version":[{"id":90024,"href":"https:\/\/vinasfm.com\/noticias\/wp-json\/wp\/v2\/posts\/90023\/revisions\/90024"}],"wp:featuredmedia":[{"embeddable":true,"href":"https:\/\/vinasfm.com\/noticias\/wp-json\/wp\/v2\/media\/70682"}],"wp:attachment":[{"href":"https:\/\/vinasfm.com\/noticias\/wp-json\/wp\/v2\/media?parent=90023"}],"wp:term":[{"taxonomy":"category","embeddable":true,"href":"https:\/\/vinasfm.com\/noticias\/wp-json\/wp\/v2\/categories?post=90023"},{"taxonomy":"post_tag","embeddable":true,"href":"https:\/\/vinasfm.com\/noticias\/wp-json\/wp\/v2\/tags?post=90023"}],"curies":[{"name":"wp","href":"https:\/\/api.w.org\/{rel}","templated":true}]}}