{"id":90020,"date":"2021-05-21T07:00:41","date_gmt":"2021-05-21T10:00:41","guid":{"rendered":"http:\/\/vinasfm.com\/noticias\/?p=90020"},"modified":"2021-05-22T09:02:56","modified_gmt":"2021-05-22T12:02:56","slug":"av-alvear-este-y-triccerri-nuevamente-escenario-de-un-accidente-de-transito","status":"publish","type":"post","link":"https:\/\/vinasfm.com\/noticias\/av-alvear-este-y-triccerri-nuevamente-escenario-de-un-accidente-de-transito\/","title":{"rendered":"AV. ALVEAR ESTE Y TRICCERRI, NUEVAMENTE ESCENARIO DE UN ACCIDENTE DE TR\u00c1NSITO"},"content":{"rendered":"<h4><span style=\"color: #000000;\"><strong>Durante el mediod\u00eda de este jueves, la intersecci\u00f3n de Avenida Alvear Este y calle Silvio Triccerri fue nuevamente escenario de un accidente de tr\u00e1nsito a pesar de la existencia de equipos semaf\u00f3ricos que regulan la circulaci\u00f3n.<\/strong><\/span><\/h4>\n<p><span style=\"color: #000000;\">Seg\u00fan inform\u00f3 <strong>Policia Vial<\/strong> en dialogo con <strong>F.M. VI\u00d1AS<\/strong>, alrededor de las <strong>12:10 hs.<\/strong> debieron acudir al citado cruce donde se produjo del choque entre una <strong>Peugeot Partner<\/strong> al mando de un hombre de apellido <em>Vazquez<\/em> y una <strong>Zanella ZB 110 cc<\/strong> conducida por una joven de apellido <em>Rosales<\/em>, quien trasladaba a dos menores de 4 y 7 a\u00f1os.<\/span><\/p>\n<p><span style=\"color: #000000;\">Al consultar la mec\u00e1nica del siniestro, los efectivos que trabajaron en el lugar reconstruyeron que <strong>el utilitario circulaba por Av. Alvear Este en direcci\u00f3n oeste y al cruce con calle Triccerri impact\u00f3 el rodado menor que se dirig\u00eda hacia el sur<\/strong>. <\/span><\/p>\n<p><span style=\"color: #000000;\">Producto de la colisi\u00f3n, <strong>los ocupantes de la moto revistieron politraumatismos varios<\/strong>, motivo por el que fueron asistidos por personal m\u00e9dico.<\/span><\/p>\n<p><span style=\"color: #000000;\">Por este hecho, se labraron actuaciones bajo instrucci\u00f3n de la <strong>Unidad Fiscal de General Alvear<\/strong>.<\/span><\/p>\n<h5><span style=\"color: #000000;\">\u2022F.B. (F.M. Vi\u00f1as).<\/span><\/h5>\n","protected":false},"excerpt":{"rendered":"<p>Durante el mediod\u00eda de este jueves, la intersecci\u00f3n de Avenida Alvear Este y calle Silvio Triccerri fue nuevamente escenario de un &#8230;<\/p>\n","protected":false},"author":8,"featured_media":90067,"comment_status":"open","ping_status":"open","sticky":false,"template":"","format":"standard","meta":{"footnotes":""},"categories":[5,4],"tags":[],"class_list":["post-90020","post","type-post","status-publish","format-standard","has-post-thumbnail","hentry","category-actualidad","category-policiales"],"_links":{"self":[{"href":"https:\/\/vinasfm.com\/noticias\/wp-json\/wp\/v2\/posts\/90020","targetHints":{"allow":["GET"]}}],"collection":[{"href":"https:\/\/vinasfm.com\/noticias\/wp-json\/wp\/v2\/posts"}],"about":[{"href":"https:\/\/vinasfm.com\/noticias\/wp-json\/wp\/v2\/types\/post"}],"author":[{"embeddable":true,"href":"https:\/\/vinasfm.com\/noticias\/wp-json\/wp\/v2\/users\/8"}],"replies":[{"embeddable":true,"href":"https:\/\/vinasfm.com\/noticias\/wp-json\/wp\/v2\/comments?post=90020"}],"version-history":[{"count":4,"href":"https:\/\/vinasfm.com\/noticias\/wp-json\/wp\/v2\/posts\/90020\/revisions"}],"predecessor-version":[{"id":90091,"href":"https:\/\/vinasfm.com\/noticias\/wp-json\/wp\/v2\/posts\/90020\/revisions\/90091"}],"wp:featuredmedia":[{"embeddable":true,"href":"https:\/\/vinasfm.com\/noticias\/wp-json\/wp\/v2\/media\/90067"}],"wp:attachment":[{"href":"https:\/\/vinasfm.com\/noticias\/wp-json\/wp\/v2\/media?parent=90020"}],"wp:term":[{"taxonomy":"category","embeddable":true,"href":"https:\/\/vinasfm.com\/noticias\/wp-json\/wp\/v2\/categories?post=90020"},{"taxonomy":"post_tag","embeddable":true,"href":"https:\/\/vinasfm.com\/noticias\/wp-json\/wp\/v2\/tags?post=90020"}],"curies":[{"name":"wp","href":"https:\/\/api.w.org\/{rel}","templated":true}]}}