{"id":89952,"date":"2021-05-20T10:18:06","date_gmt":"2021-05-20T13:18:06","guid":{"rendered":"http:\/\/vinasfm.com\/noticias\/?p=89952"},"modified":"2021-05-20T12:23:32","modified_gmt":"2021-05-20T15:23:32","slug":"el-cluster-ganadero-de-mendoza-se-opuso-al-cepo-a-la-carne-impuesto-por-el-gobierno-nacional","status":"publish","type":"post","link":"https:\/\/vinasfm.com\/noticias\/el-cluster-ganadero-de-mendoza-se-opuso-al-cepo-a-la-carne-impuesto-por-el-gobierno-nacional\/","title":{"rendered":"EL CLUSTER GANADERO DE MENDOZA SE OPUSO AL &#8216;CEPO A LA CARNE&#8217; IMPUESTO POR EL GOBIERNO NACIONAL"},"content":{"rendered":"<h4><strong><span style=\"color: #000000;\">Los representantes del Cluster Ganadero de nuestra provincia emitieron un comunicado repudiando la medida impuesta por el gobierno nacional que proh\u00edbe la exportaci\u00f3n de carne durante 30 d\u00edas. El anuncio dice los siguiente:<\/span><\/strong><\/h4>\n<p><span style=\"color: #000000;\"><strong>El Cluster Ganadero de Mendoza, lamenta las medidas tomadas por el Gobierno Nacional<\/strong> <strong>con el cierre de las exportaciones<\/strong>, sabemos por experiencia ya vivida, que el efecto sobre la <strong>baja de precio en g\u00f3ndola que puede provocar \u00e9sta, es de bajo impacto y por muy corto tiempo.<\/strong><\/span><\/p>\n<p><span style=\"color: #000000;\">Sin embargo <strong>los da\u00f1os al sector son de gran envergadura y duraderos,<\/strong> adem\u00e1s de provocar un efecto adverso con aumento de precios desproporcionados en el mediano plazo, debido al da\u00f1o efectuado al sistema. <strong>Luego de las medidas de este tipo tomadas en 2006, dilapidamos nuestro capital y tardamos m\u00e1s de 10 a\u00f1os en recuperar nuestro stock, se cerraron frigor\u00edficos, establecimientos productivos, etc;<\/strong> con la consecuente p\u00e9rdida de empleos por supuesto.<\/span><\/p>\n<p><strong><span style=\"color: #000000;\">Agradecemos la preocupaci\u00f3n y el apoyo del Gobierno Provincial hacia nuestro sector y esperamos poder afrontar de la mejor manera esta medida.<\/span><\/strong><\/p>\n","protected":false},"excerpt":{"rendered":"<p>Los representantes del Cluster Ganadero de nuestra provincia emitieron un comunicado repudiando la medida impuesta por el gobierno nacional que proh\u00edbe &#8230;<\/p>\n","protected":false},"author":7,"featured_media":18538,"comment_status":"open","ping_status":"open","sticky":false,"template":"","format":"standard","meta":{"footnotes":""},"categories":[5,24],"tags":[],"class_list":["post-89952","post","type-post","status-publish","format-standard","has-post-thumbnail","hentry","category-actualidad","category-ganaderia"],"_links":{"self":[{"href":"https:\/\/vinasfm.com\/noticias\/wp-json\/wp\/v2\/posts\/89952","targetHints":{"allow":["GET"]}}],"collection":[{"href":"https:\/\/vinasfm.com\/noticias\/wp-json\/wp\/v2\/posts"}],"about":[{"href":"https:\/\/vinasfm.com\/noticias\/wp-json\/wp\/v2\/types\/post"}],"author":[{"embeddable":true,"href":"https:\/\/vinasfm.com\/noticias\/wp-json\/wp\/v2\/users\/7"}],"replies":[{"embeddable":true,"href":"https:\/\/vinasfm.com\/noticias\/wp-json\/wp\/v2\/comments?post=89952"}],"version-history":[{"count":3,"href":"https:\/\/vinasfm.com\/noticias\/wp-json\/wp\/v2\/posts\/89952\/revisions"}],"predecessor-version":[{"id":89960,"href":"https:\/\/vinasfm.com\/noticias\/wp-json\/wp\/v2\/posts\/89952\/revisions\/89960"}],"wp:featuredmedia":[{"embeddable":true,"href":"https:\/\/vinasfm.com\/noticias\/wp-json\/wp\/v2\/media\/18538"}],"wp:attachment":[{"href":"https:\/\/vinasfm.com\/noticias\/wp-json\/wp\/v2\/media?parent=89952"}],"wp:term":[{"taxonomy":"category","embeddable":true,"href":"https:\/\/vinasfm.com\/noticias\/wp-json\/wp\/v2\/categories?post=89952"},{"taxonomy":"post_tag","embeddable":true,"href":"https:\/\/vinasfm.com\/noticias\/wp-json\/wp\/v2\/tags?post=89952"}],"curies":[{"name":"wp","href":"https:\/\/api.w.org\/{rel}","templated":true}]}}