{"id":89881,"date":"2021-05-20T10:47:36","date_gmt":"2021-05-20T13:47:36","guid":{"rendered":"http:\/\/vinasfm.com\/noticias\/?p=89881"},"modified":"2021-05-20T19:42:32","modified_gmt":"2021-05-20T22:42:32","slug":"el-orden-fiscal-municipal-permite-avanzar-en-la-concrecion-de-obras-en-todo-el-departamento","status":"publish","type":"post","link":"https:\/\/vinasfm.com\/noticias\/el-orden-fiscal-municipal-permite-avanzar-en-la-concrecion-de-obras-en-todo-el-departamento\/","title":{"rendered":"EL ORDEN FISCAL MUNICIPAL PERMITE AVANZAR EN LA CONCRECI\u00d3N DE OBRAS EN TODO EL DEPARTAMENTO"},"content":{"rendered":"<h4><span style=\"color: #000000;\"><strong>El intendente Walther Marcolini recorri\u00f3 las obras que se est\u00e1n llevando a cabo en San Pedro del Atuel, destacando la nueva delegaci\u00f3n, el edificio del Jard\u00edn Luna de Papel y el asfalto en calles del distrito. El Jefe Comunal hizo hincapi\u00e9 en el orden fiscal como motor para la concreci\u00f3n de estas tareas. <\/strong><\/span><\/h4>\n<p><span style=\"color: #000000;\">La nueva <strong>Delegaci\u00f3n de San Pedro del Atuel<\/strong>, que estar\u00e1 ubicada en la<strong> intersecci\u00f3n de las calles Buenos Aires e Hip\u00f3lito Yrigoyen<\/strong>, cuenta con oficinas administrativas, un sal\u00f3n para Farmacia y un espacio exclusivo para un cajero autom\u00e1tico. <strong>La obra es de m\u00e1s de 250m, una construcci\u00f3n tradicional con estructura met\u00e1lica liviana y tiene 60m para el espacio de la farmacia, tambi\u00e9n se va a trabajar en el tendido el\u00e9ctrico y alumbrado p\u00fablico<\/strong>. Con el objetivo de terminar antes de los <strong>10 meses de plazo<\/strong> previstos.<\/span><\/p>\n<div id=\"attachment_89886\" style=\"width: 300px\" class=\"wp-caption alignleft\"><a style=\"color: #000000;\" href=\"http:\/\/vinasfm.com\/noticias\/wp-content\/uploads\/2021\/05\/Recorrido-de-Obras-Carmensa-2.jpg\"><img loading=\"lazy\" decoding=\"async\" aria-describedby=\"caption-attachment-89886\" class=\"wp-image-89886 size-medium\" src=\"http:\/\/vinasfm.com\/noticias\/wp-content\/uploads\/2021\/05\/Recorrido-de-Obras-Carmensa-2-300x200.jpg\" alt=\"\" width=\"300\" height=\"200\" srcset=\"https:\/\/vinasfm.com\/noticias\/wp-content\/uploads\/2021\/05\/Recorrido-de-Obras-Carmensa-2-300x200.jpg 300w, https:\/\/vinasfm.com\/noticias\/wp-content\/uploads\/2021\/05\/Recorrido-de-Obras-Carmensa-2-1024x683.jpg 1024w, https:\/\/vinasfm.com\/noticias\/wp-content\/uploads\/2021\/05\/Recorrido-de-Obras-Carmensa-2-768x512.jpg 768w, https:\/\/vinasfm.com\/noticias\/wp-content\/uploads\/2021\/05\/Recorrido-de-Obras-Carmensa-2-1536x1024.jpg 1536w, https:\/\/vinasfm.com\/noticias\/wp-content\/uploads\/2021\/05\/Recorrido-de-Obras-Carmensa-2.jpg 2048w\" sizes=\"auto, (max-width: 300px) 100vw, 300px\" \/><\/a><p id=\"caption-attachment-89886\" class=\"wp-caption-text\"><span style=\"color: #000000;\">Obras en Carmensa.<\/span><\/p><\/div>\n<p><span style=\"color: #000000;\"><strong>La nueva Delegaci\u00f3n cuenta con un Presupuesto Oficial de m\u00e1s de $12 millones<\/strong>, la licitaci\u00f3n la gan\u00f3 una empresa local. El edificio estar\u00e1 en una ubicaci\u00f3n estrat\u00e9gica dentro del trazado urbano. No s\u00f3lo prestar\u00e1 servicio c\u00edvico sino que <strong>ser\u00e1 una contribuci\u00f3n a la infraestructura de comercio y bancaria del Distrito ofreciendo adem\u00e1s de las dependencias municipales un comercio a concesionar<\/strong>, para que pueda instalarse una farmacia y tendr\u00e1 tambi\u00e9n un espacio para un cajero autom\u00e1tico. <\/span><\/p>\n<p><span style=\"color: #000000;\">Dos servicios con los que todav\u00eda no cuenta la comunidad. Se forestar\u00e1n las medianeras para ofrecer mayor calidad espacial al \u00e1rea urbana del Distrito, tambi\u00e9n una amplia parquizaci\u00f3n al frente y liberando espacio para futuras dependencias de la Delegaci\u00f3n. <\/span><\/p>\n<p><span style=\"color: #000000;\">En cuanto a la obra del <strong>Jard\u00edn &#8216;Luna de Papel&#8217;<\/strong>, el Marcolini expres\u00f3: \u201c<strong><em>En medio de la pandemia, esta obra es un logro significativo porque nuestros ni\u00f1os tienen que estar contenidos en un lugar digno. Esperamos inaugurarlo el 29 de Junio, esta es una inversi\u00f3n importante que la Comuna realiza en pos de la primera infancia y la inclusi\u00f3n, mucho m\u00e1s en lugares alejados como San Pedro del Atuel<\/em><\/strong>\u201d. <\/span><\/p>\n<p><span style=\"color: #000000;\">La ampliaci\u00f3n y remodelaci\u00f3n del Jard\u00edn maternal Luna de Papel era muy esperada por la comunidad, ya que la instituci\u00f3n no contaba con un edificio propio. \u201c<strong><em>La ampliaci\u00f3n es de m\u00e1s de 45m\u00b2 lo que implica un total de 130m\u00b2 construidos. Falta a\u00fan la instalaci\u00f3n de grifer\u00eda de la parte remodelada, la ampliaci\u00f3n requiri\u00f3 de una inversi\u00f3n de un mill\u00f3n doscientos mil pesos. La obra se concret\u00f3 con materiales que ya ten\u00eda acopiados el municipio, porque se trata de utilizar al m\u00e1ximo los recursos municipales para seguir ejecutando obras<\/em><\/strong>\u201d, especific\u00f3 el <strong>Secretario de Obras y Servicios P\u00fablicos Ignacio Castro<\/strong>.<\/span><\/p>\n<div id=\"attachment_89888\" style=\"width: 300px\" class=\"wp-caption alignright\"><a style=\"color: #000000;\" href=\"http:\/\/vinasfm.com\/noticias\/wp-content\/uploads\/2021\/05\/Recorrido-de-Obras-Carmensa-9.jpg\"><img loading=\"lazy\" decoding=\"async\" aria-describedby=\"caption-attachment-89888\" class=\"size-medium wp-image-89888\" src=\"http:\/\/vinasfm.com\/noticias\/wp-content\/uploads\/2021\/05\/Recorrido-de-Obras-Carmensa-9-300x200.jpg\" alt=\"\" width=\"300\" height=\"200\" srcset=\"https:\/\/vinasfm.com\/noticias\/wp-content\/uploads\/2021\/05\/Recorrido-de-Obras-Carmensa-9-300x200.jpg 300w, https:\/\/vinasfm.com\/noticias\/wp-content\/uploads\/2021\/05\/Recorrido-de-Obras-Carmensa-9-1024x683.jpg 1024w, https:\/\/vinasfm.com\/noticias\/wp-content\/uploads\/2021\/05\/Recorrido-de-Obras-Carmensa-9-768x512.jpg 768w, https:\/\/vinasfm.com\/noticias\/wp-content\/uploads\/2021\/05\/Recorrido-de-Obras-Carmensa-9-1536x1024.jpg 1536w, https:\/\/vinasfm.com\/noticias\/wp-content\/uploads\/2021\/05\/Recorrido-de-Obras-Carmensa-9.jpg 2048w\" sizes=\"auto, (max-width: 300px) 100vw, 300px\" \/><\/a><p id=\"caption-attachment-89888\" class=\"wp-caption-text\"><span style=\"color: #000000;\">Boulevard en Carmensa.<\/span><\/p><\/div>\n<p><span style=\"color: #000000;\">Respecto al <strong>Boulevard de San Pedro del Atuel<\/strong>, se\u00f1al\u00f3 que la Delegaci\u00f3n municipal ha encarado la obra con personal propio y se est\u00e1n ejecutando las bases para las columnas de alumbrado p\u00fablico.<strong> Jorge P\u00e9rez, Delegado de Carmensa<\/strong>, manifest\u00f3: \u201c<strong><em>Estas obras son algo federal, hemos dado un salto de calidad, sumado a la obra de la delegaci\u00f3n, alrededor de 80 chicos llegan al jard\u00edn, realmente es muy importante todo lo que se brinda en este Jard\u00edn, es m\u00e1s que educaci\u00f3n, tambi\u00e9n se los contiene, se les da alimentaci\u00f3n y cultura<\/em><\/strong>\u201d. <\/span><\/p>\n<p><span style=\"color: #000000;\">Al ser consultado por <strong>F.M. VI\u00d1AS<\/strong> sobre el <strong>manejo financiero municipal<\/strong>, el intendente destac\u00f3 el orden fiscal como motor para realizar todas estas obras en el departamento: \u201c<strong><em>Esto es importante porque las cuentas del Municipio est\u00e1n aprobadas por el Tribunal de Cuentas, y no tienen observaciones, esto se logra gracias a una gesti\u00f3n ordenada y transparente, donde se puede corroborar a donde se destinan los recursos, esto se traduce en que no hayan multas para los funcionarios y tampoco hayan cargos, lo que permite que a\u00fan en medio de crisis como la que estamos atravesando, podamos seguir realizando obras y llevar adelante inversiones<\/em><\/strong>\u201d <\/span><\/p>\n<p><span style=\"color: #000000;\">Gracias a esto, tambi\u00e9n, <strong>se podr\u00e1 abonar el aguinaldo el pr\u00f3ximo 18 de junio a la totalidad de los trabajadores de la Municipalidad<\/strong>, pero <strong>el 31 de Mayo se abonar\u00e1 un aumento del 5% al personal<\/strong>: \u201c<em><strong>Esto es lo que hab\u00edamos dispuesto a lo largo del a\u00f1o, aumentos trimestrales, y estamos analizando si se puede adelantar un porcentaje del resto de los aumentos, atentos al proceso inflacionario que estamos atravesando<\/strong><\/em>\u201d, concluy\u00f3 el mandatario municipal.<\/span><\/p>\n<h5><span style=\"color: #000000;\">\u2022F.B. (F.M. Vi\u00f1as).<\/span><\/h5>\n","protected":false},"excerpt":{"rendered":"<p>El intendente Walther Marcolini recorri\u00f3 las obras que se est\u00e1n llevando a cabo en San Pedro del Atuel, destacando la nueva &#8230;<\/p>\n","protected":false},"author":8,"featured_media":89885,"comment_status":"open","ping_status":"open","sticky":false,"template":"","format":"standard","meta":{"footnotes":""},"categories":[5,10],"tags":[],"class_list":["post-89881","post","type-post","status-publish","format-standard","has-post-thumbnail","hentry","category-actualidad","category-destacadas"],"_links":{"self":[{"href":"https:\/\/vinasfm.com\/noticias\/wp-json\/wp\/v2\/posts\/89881","targetHints":{"allow":["GET"]}}],"collection":[{"href":"https:\/\/vinasfm.com\/noticias\/wp-json\/wp\/v2\/posts"}],"about":[{"href":"https:\/\/vinasfm.com\/noticias\/wp-json\/wp\/v2\/types\/post"}],"author":[{"embeddable":true,"href":"https:\/\/vinasfm.com\/noticias\/wp-json\/wp\/v2\/users\/8"}],"replies":[{"embeddable":true,"href":"https:\/\/vinasfm.com\/noticias\/wp-json\/wp\/v2\/comments?post=89881"}],"version-history":[{"count":3,"href":"https:\/\/vinasfm.com\/noticias\/wp-json\/wp\/v2\/posts\/89881\/revisions"}],"predecessor-version":[{"id":89978,"href":"https:\/\/vinasfm.com\/noticias\/wp-json\/wp\/v2\/posts\/89881\/revisions\/89978"}],"wp:featuredmedia":[{"embeddable":true,"href":"https:\/\/vinasfm.com\/noticias\/wp-json\/wp\/v2\/media\/89885"}],"wp:attachment":[{"href":"https:\/\/vinasfm.com\/noticias\/wp-json\/wp\/v2\/media?parent=89881"}],"wp:term":[{"taxonomy":"category","embeddable":true,"href":"https:\/\/vinasfm.com\/noticias\/wp-json\/wp\/v2\/categories?post=89881"},{"taxonomy":"post_tag","embeddable":true,"href":"https:\/\/vinasfm.com\/noticias\/wp-json\/wp\/v2\/tags?post=89881"}],"curies":[{"name":"wp","href":"https:\/\/api.w.org\/{rel}","templated":true}]}}