{"id":89755,"date":"2021-05-18T10:30:59","date_gmt":"2021-05-18T13:30:59","guid":{"rendered":"http:\/\/vinasfm.com\/noticias\/?p=89755"},"modified":"2021-05-19T18:58:12","modified_gmt":"2021-05-19T21:58:12","slug":"carlos-iriarte-aseguro-que-el-cierre-de-exportacion-de-carne-generara-perdida-de-ganado","status":"publish","type":"post","link":"https:\/\/vinasfm.com\/noticias\/carlos-iriarte-aseguro-que-el-cierre-de-exportacion-de-carne-generara-perdida-de-ganado\/","title":{"rendered":"CARLOS IRIARTE ASEGUR\u00d3 QUE EL CIERRE DE EXPORTACI\u00d3N DE CARNE GENERAR\u00c1 P\u00c9RDIDA DE GANADO"},"content":{"rendered":"<h4><strong><span style=\"color: #000000;\">El gerente de COPROSAMEN, Carlos Iriarte, critic\u00f3 la nueva medida nacional que restringe la exportaci\u00f3n de carne vacuna por un mes y asegur\u00f3 que la consecuencia ser\u00e1 una importante p\u00e9rdida de cabezas de ganado.<\/span><\/strong><\/h4>\n<p><span style=\"color: #000000;\">En di\u00e1logo con <strong>F.M. VI\u00d1AS, Carlos Iriarte<\/strong> critic\u00f3 la restricci\u00f3n a la exportaci\u00f3n de carne vacuna durante 30 d\u00edas: <em><strong>\u00abTenemos fresca una experiencia que es la del 2006, cuando en aquel momento Guillermo Morneo intervino intimidando a los consignatarios de Mercado de Liniers. Se dilat\u00f3, aparecieron los ROE, y ese tipo de normas y regulaciones que lo \u00fanico que hacen es alimentar la corrupci\u00f3n\u00bb<\/strong><\/em>, opin\u00f3 el Gerente de COPROSAMEN, y asegur\u00f3: <em><strong>\u00abEsto va a generar p\u00e9rdida, como en aquel momento que se perdieron 12 millones de cabezas que no se han vuelto a recuperar\u00bb.<\/strong><\/em><\/span><\/p>\n<p><span style=\"color: #000000;\">En cuanto al buen momento que atraviesan los productores con respecto al comercio en el exterior, analiz\u00f3: <em><strong>\u00abEs porque el pa\u00eds sanitariamente confiable. El origen de esto es que los productores no se resistieron a las campa\u00f1as de aftosa, que les cuestan a los productores 120 millones de d\u00f3lares al a\u00f1o\u00bb.<\/strong><\/em> Por esa raz\u00f3n, se opone a que en este momento se les quite la oportunidad de aprovechar un negocio que ellos mismo potenciaron: <em><strong>\u00abLo hicieron con la esperanza de que ocurriera lo que ocurri\u00f3. En el 90, el ternero se vend\u00eda a 70 centavos de d\u00f3lar, y ahora se vende pr\u00e1cticamente al doble o m\u00e1s\u00bb.<\/strong><\/em><\/span><\/p>\n<p><span style=\"color: #000000;\">Y a la vez que eso genera un aumento inmediato del precio en el mercado interno, tambi\u00e9n afirm\u00f3: <em><strong>\u00abCuando el precio es bueno, m\u00e1s gente entra en el negocio (productores), y hay m\u00e1s producci\u00f3n por lo que puede haber m\u00e1s para el mercado interno\u00bb<\/strong><\/em>. En ese sentido, Iriarte explic\u00f3: <em><strong>\u00abLa carne que va al exterior no es la que con los argentinos consumimos, por que nos gusta m\u00e1s la carne con hueso, que es la que tiene m\u00e1s sabor. La vaca de conserva mejorada, que va a China, o el novillo Holando, no se come ac\u00e1\u00bb.<\/strong><\/em><\/span><\/p>\n<p><span style=\"color: #000000;\">\u2022L.A.<\/span><\/p>\n","protected":false},"excerpt":{"rendered":"<p>El gerente de COPROSAMEN, Carlos Iriarte, critic\u00f3 la nueva medida nacional que restringe la exportaci\u00f3n de carne vacuna por un mes &#8230;<\/p>\n","protected":false},"author":7,"featured_media":76586,"comment_status":"open","ping_status":"open","sticky":false,"template":"","format":"standard","meta":{"footnotes":""},"categories":[5,24],"tags":[],"class_list":["post-89755","post","type-post","status-publish","format-standard","has-post-thumbnail","hentry","category-actualidad","category-ganaderia"],"_links":{"self":[{"href":"https:\/\/vinasfm.com\/noticias\/wp-json\/wp\/v2\/posts\/89755","targetHints":{"allow":["GET"]}}],"collection":[{"href":"https:\/\/vinasfm.com\/noticias\/wp-json\/wp\/v2\/posts"}],"about":[{"href":"https:\/\/vinasfm.com\/noticias\/wp-json\/wp\/v2\/types\/post"}],"author":[{"embeddable":true,"href":"https:\/\/vinasfm.com\/noticias\/wp-json\/wp\/v2\/users\/7"}],"replies":[{"embeddable":true,"href":"https:\/\/vinasfm.com\/noticias\/wp-json\/wp\/v2\/comments?post=89755"}],"version-history":[{"count":4,"href":"https:\/\/vinasfm.com\/noticias\/wp-json\/wp\/v2\/posts\/89755\/revisions"}],"predecessor-version":[{"id":89788,"href":"https:\/\/vinasfm.com\/noticias\/wp-json\/wp\/v2\/posts\/89755\/revisions\/89788"}],"wp:featuredmedia":[{"embeddable":true,"href":"https:\/\/vinasfm.com\/noticias\/wp-json\/wp\/v2\/media\/76586"}],"wp:attachment":[{"href":"https:\/\/vinasfm.com\/noticias\/wp-json\/wp\/v2\/media?parent=89755"}],"wp:term":[{"taxonomy":"category","embeddable":true,"href":"https:\/\/vinasfm.com\/noticias\/wp-json\/wp\/v2\/categories?post=89755"},{"taxonomy":"post_tag","embeddable":true,"href":"https:\/\/vinasfm.com\/noticias\/wp-json\/wp\/v2\/tags?post=89755"}],"curies":[{"name":"wp","href":"https:\/\/api.w.org\/{rel}","templated":true}]}}