{"id":89649,"date":"2021-05-18T09:50:13","date_gmt":"2021-05-18T12:50:13","guid":{"rendered":"http:\/\/vinasfm.com\/noticias\/?p=89649"},"modified":"2021-05-18T12:31:48","modified_gmt":"2021-05-18T15:31:48","slug":"desde-el-pro-alvear-donaron-importante-cantidad-de-insumos-al-hospital-enfermeros-argentinos","status":"publish","type":"post","link":"https:\/\/vinasfm.com\/noticias\/desde-el-pro-alvear-donaron-importante-cantidad-de-insumos-al-hospital-enfermeros-argentinos\/","title":{"rendered":"DESDE EL PRO ALVEAR DONARON IMPORTANTE CANTIDAD DE INSUMOS AL HOSPITAL &#8216;ENFERMEROS ARGENTINOS&#8217;"},"content":{"rendered":"<h4><span style=\"color: #000000;\"><strong>Militantes del PRO en Alvear, encabezados por su presidente Jorge Oscar De Nardi, adquirieron ropa blanca para donar al Hospital &#8216;Enfermeros Argentinos&#8217; con el objetivo de ayudar a solventar este insumo necesario en medio la contingencia sanitaria que atravesamos.<\/strong><\/span><\/h4>\n<div id=\"attachment_37001\" style=\"width: 300px\" class=\"wp-caption alignleft\"><a href=\"http:\/\/vinasfm.com\/noticias\/wp-content\/uploads\/2018\/07\/hospital-enfermeros-argentinos-2016.jpg\"><img loading=\"lazy\" decoding=\"async\" aria-describedby=\"caption-attachment-37001\" class=\"size-medium wp-image-37001\" src=\"http:\/\/vinasfm.com\/noticias\/wp-content\/uploads\/2018\/07\/hospital-enfermeros-argentinos-2016-300x200.jpg\" alt=\"\" width=\"300\" height=\"200\" srcset=\"https:\/\/vinasfm.com\/noticias\/wp-content\/uploads\/2018\/07\/hospital-enfermeros-argentinos-2016-300x200.jpg 300w, https:\/\/vinasfm.com\/noticias\/wp-content\/uploads\/2018\/07\/hospital-enfermeros-argentinos-2016-768x512.jpg 768w, https:\/\/vinasfm.com\/noticias\/wp-content\/uploads\/2018\/07\/hospital-enfermeros-argentinos-2016-1024x683.jpg 1024w, https:\/\/vinasfm.com\/noticias\/wp-content\/uploads\/2018\/07\/hospital-enfermeros-argentinos-2016.jpg 1248w\" sizes=\"auto, (max-width: 300px) 100vw, 300px\" \/><\/a><p id=\"caption-attachment-37001\" class=\"wp-caption-text\">Hospital &#8216;Enfermeros Argentinos&#8217;.<\/p><\/div>\n<p><span style=\"color: #000000;\">En di\u00e1logo con <strong>F.M. Vi\u00f1as<\/strong>, <strong>De Nardi<\/strong> explic\u00f3 que esta fue idea que surgi\u00f3 dentro del partido &#8216;<strong><em>hace algunos d\u00edas atentos al contexto que estamos viviendo de pandemia que hace que algunas instituciones como son hoy foco de tensi\u00f3n como es el hospital vimos que tenia algunas falencias que son propias de cuando surgen este tipo de situaciones<\/em><\/strong>&#8216;.<\/span><\/p>\n<p><span style=\"color: #000000;\">Por lo anterior, el Pte. del Pro Alvear se\u00f1al\u00f3 que decidieron hacer una contribuci\u00f3n al hospital con elementos de ropa de cama: &#8216;<strong><em>En este caso son juegos de s\u00e1banas que se las vamos a entregar al hospital para que ellos las distribuyan en las camas o pabellones que est\u00e1n siendo m\u00e1s cr\u00edticos por estos d\u00edas<\/em><\/strong>&#8216;.<\/span><\/p>\n<p><span style=\"color: #000000;\">&#8216;<strong><em>La contribuci\u00f3n surge por idea misma de los integrantes de la comisi\u00f3n del partido y fue una aporte propio de cada uno de nosotros y tambi\u00e9n de quienes son seguidores del pro y no tiene una participaci\u00f3n activa dentro de la comisi\u00f3n o dentro del partido pero a trav\u00e9s de est\u00e1 forma de contribuir vieron una forma o una se\u00f1al de estar presente en este contexto<\/em><\/strong>&#8216;, subray\u00f3 sobre la donaci\u00f3n que entregaron directamente al nosocomio local.<\/span><\/p>\n<p><span style=\"color: #000000;\">Precio a otorgar la donaci\u00f3n, desde el Pro se contactaron con el Director del Hospital, Dr. Fabio G\u00f3mez Parra quien les transmiti\u00f3 qu\u00e9 necesidad inmediata tienen: &#8216;<strong><em>De ah\u00ed surge que lo m\u00e1s necesario era la ropa de cama porque si bien tienen taller el propio no terminar de saciar la necesidad de sabanas por la saturaci\u00f3n del nosocomio<\/em><\/strong>&#8216;, reflej\u00f3.<\/span><\/p>\n<p><span style=\"color: #000000;\">Finalmente agradeci\u00f3 a todos los aquellos que conforman el partido y trabajan para seguir aportando un granito de arena. &#8216;<strong><em>Tenemos que ba\u00f1arnos con esta sensibilidad humana, dejando de lado el tema partidario, la mezquindades y ponernos la camiseta de lo que es la solidaridad<\/em><\/strong>&#8216;, reflexion\u00f3 De Nardi.<\/span><\/p>\n<h5><span style=\"color: #000000;\">\u2022F.B.<\/span><\/h5>\n","protected":false},"excerpt":{"rendered":"<p>Militantes del PRO en Alvear, encabezados por su presidente Jorge Oscar De Nardi, adquirieron ropa blanca para donar al Hospital &#8216;Enfermeros &#8230;<\/p>\n","protected":false},"author":7,"featured_media":89671,"comment_status":"open","ping_status":"open","sticky":false,"template":"","format":"standard","meta":{"footnotes":""},"categories":[5,10],"tags":[],"class_list":["post-89649","post","type-post","status-publish","format-standard","has-post-thumbnail","hentry","category-actualidad","category-destacadas"],"_links":{"self":[{"href":"https:\/\/vinasfm.com\/noticias\/wp-json\/wp\/v2\/posts\/89649","targetHints":{"allow":["GET"]}}],"collection":[{"href":"https:\/\/vinasfm.com\/noticias\/wp-json\/wp\/v2\/posts"}],"about":[{"href":"https:\/\/vinasfm.com\/noticias\/wp-json\/wp\/v2\/types\/post"}],"author":[{"embeddable":true,"href":"https:\/\/vinasfm.com\/noticias\/wp-json\/wp\/v2\/users\/7"}],"replies":[{"embeddable":true,"href":"https:\/\/vinasfm.com\/noticias\/wp-json\/wp\/v2\/comments?post=89649"}],"version-history":[{"count":4,"href":"https:\/\/vinasfm.com\/noticias\/wp-json\/wp\/v2\/posts\/89649\/revisions"}],"predecessor-version":[{"id":89672,"href":"https:\/\/vinasfm.com\/noticias\/wp-json\/wp\/v2\/posts\/89649\/revisions\/89672"}],"wp:featuredmedia":[{"embeddable":true,"href":"https:\/\/vinasfm.com\/noticias\/wp-json\/wp\/v2\/media\/89671"}],"wp:attachment":[{"href":"https:\/\/vinasfm.com\/noticias\/wp-json\/wp\/v2\/media?parent=89649"}],"wp:term":[{"taxonomy":"category","embeddable":true,"href":"https:\/\/vinasfm.com\/noticias\/wp-json\/wp\/v2\/categories?post=89649"},{"taxonomy":"post_tag","embeddable":true,"href":"https:\/\/vinasfm.com\/noticias\/wp-json\/wp\/v2\/tags?post=89649"}],"curies":[{"name":"wp","href":"https:\/\/api.w.org\/{rel}","templated":true}]}}