{"id":89589,"date":"2021-05-20T07:01:37","date_gmt":"2021-05-20T10:01:37","guid":{"rendered":"http:\/\/vinasfm.com\/noticias\/?p=89589"},"modified":"2021-05-20T12:24:37","modified_gmt":"2021-05-20T15:24:37","slug":"comenzo-el-programa-de-poda-de-arbolado-publico-en-distintos-sectores-del-departamento","status":"publish","type":"post","link":"https:\/\/vinasfm.com\/noticias\/comenzo-el-programa-de-poda-de-arbolado-publico-en-distintos-sectores-del-departamento\/","title":{"rendered":"AVANZA EL PROGRAMA DE PODA DE ARBOLADO P\u00daBLICO EN DISTINTOS SECTORES DEL DEPARTAMENTO"},"content":{"rendered":"<h4><strong><span style=\"color: #000000;\">Desde la Direcci\u00f3n de Servicios P\u00fablicos, Pablo Reyes se refiri\u00f3 a varios programas que llevan adelante en conjunto con otras \u00c1reas del Municipio como la poda de arbolado p\u00fablico, entrega de bolsas para hojas y recolecci\u00f3n de residuos. Asimismo brind\u00f3 recomendaciones sobre c\u00f3mo deben sacar la bolsa con residuos domiciliarios los pacientes\u00a0con Covid-19 aislados en sus hogares.<\/span><\/strong><\/h4>\n<p><span style=\"color: #000000;\"><strong><em>&#8216;El a\u00f1o pasado teniendo en cuenta el contexto que se viv\u00eda no se pudo llevar a cabo el programa de poda, este a\u00f1o se comenz\u00f3 a realizar<\/em><\/strong>&#8216;, explic\u00f3 el <strong>Director de Servicios P\u00fablicos<\/strong> en di\u00e1logo con <strong>F.M. VI\u00d1AS<\/strong>, y en la misma l\u00ednea detall\u00f3: &#8216;<strong><em>Empezamos<\/em><\/strong> <strong><em>luego de dividir la ciudad en cinco sectores.<\/em><em> Luego de terminarlos vamos a continuar extendi\u00e9ndonos a los barrios y distintos puntos m\u00e1s alejados del casco c\u00e9ntrico&#8217;.<\/em><\/strong><\/span><\/p>\n<p><span style=\"color: #000000;\"><a style=\"color: #000000;\" href=\"http:\/\/vinasfm.com\/noticias\/wp-content\/uploads\/2021\/05\/4c39aa20-7974-4907-af69-1458045d7277.jpg\"><img loading=\"lazy\" decoding=\"async\" class=\"wp-image-89658 alignleft\" src=\"http:\/\/vinasfm.com\/noticias\/wp-content\/uploads\/2021\/05\/4c39aa20-7974-4907-af69-1458045d7277-281x300.jpg\" alt=\"\" width=\"434\" height=\"463\" srcset=\"https:\/\/vinasfm.com\/noticias\/wp-content\/uploads\/2021\/05\/4c39aa20-7974-4907-af69-1458045d7277-281x300.jpg 281w, https:\/\/vinasfm.com\/noticias\/wp-content\/uploads\/2021\/05\/4c39aa20-7974-4907-af69-1458045d7277-960x1024.jpg 960w, https:\/\/vinasfm.com\/noticias\/wp-content\/uploads\/2021\/05\/4c39aa20-7974-4907-af69-1458045d7277-768x819.jpg 768w, https:\/\/vinasfm.com\/noticias\/wp-content\/uploads\/2021\/05\/4c39aa20-7974-4907-af69-1458045d7277.jpg 1200w\" sizes=\"auto, (max-width: 434px) 100vw, 434px\" \/><\/a>Asimismo se est\u00e1 trabajando en el asesoramiento a quienes quieran realizar la poda de forma correcta sin da\u00f1ar el arbolado: &#8216;<strong><em>Hemos incorporado un ingeniero agr\u00f3nomo a la Direcci\u00f3n que est\u00e1 asesor\u00e1ndonos la direcci\u00f3n de servicios p\u00fablicos pero adem\u00e1s con el se\u00f1or Ponzina, responsable en Alvear de Recursos Naturales, se trabaja en conjunto que el trabajo sea bueno y eficiente pero que cuidemos cada uno de los ejemplares<\/em><\/strong>&#8216;.<\/span><\/p>\n<p><span style=\"color: #000000;\">Respecto al programa de entrega de bolsas para hojas, Reyes se\u00f1al\u00f3: &#8216;<strong><em>Durante est\u00e1 semana vamos a continuar en el informador tur\u00edstico desde las 8 de la ma\u00f1ana hasta las 13 hs. Se est\u00e1n entregando de forma gratuita para que cada vecino pueda ir juntado las hojas y de esa manera no les prendan fuego o las echen a las cunetas que terminan generando problemas<\/em><\/strong>&#8216;.<\/span><\/p>\n<p><span style=\"color: #000000;\">Asimismo, destac\u00f3 una de las tareas que se realizan en la Planta de Residuos S\u00f3lidos Urbanos como la separaci\u00f3n y reciclaje de los mismos: &#8216;<strong><em>Todos los d\u00edas pasamos haciendo la recolecci\u00f3n tipo A que es la recolecci\u00f3n que se hace de los residuos domiciliario la bolsita de cocina, en ese sentido se hace un esfuerzo importante con el equipo para llegar a todos lados de manera diaria<\/em><\/strong>&#8216;, indic\u00f3.<\/span><\/p>\n<p><span style=\"color: #000000;\">Cabe destacar que en la recolecci\u00f3n de residuos se trabaja bajo protocolo y se han modificado algunos horarios producto de la situaci\u00f3n sanitaria: &#8216;<strong><em>Vamos trabajando de lunes a viernes con los residuos tipo B que son los de jard\u00edn, los escombros y dem\u00e1s en este sentido es importante decirle a los vecinos que la municipalidad levanta hasta un metro cuadrado de materiales, cuando hay m\u00e1s lo tiene que hacer el vecino por cuenta propio<\/em><\/strong>&#8216;, subray\u00f3.<\/span><\/p>\n<p><span style=\"color: #000000;\">Finalmente fue consultado sobre la recolecci\u00f3n diferenciada para pacientes con Covid-19: &#8216;<em style=\"font-weight: bold;\">Lo que se hace ahora es pedirle a los vecinos que transitan la enfermedad es que saquen su bolsita al 75% de manera tal que la bolsa no se rompa, no quede tirante. Nuestro equipo de trabajo va haciendo la recolecci\u00f3n usando toda la protecci\u00f3n como guantes, tapacabocas y dem\u00e1s elementos con el fin de cuidarlos&#8217;<\/em>.<\/span><\/p>\n<h5>\u2022F.B.<\/h5>\n","protected":false},"excerpt":{"rendered":"<p>Desde la Direcci\u00f3n de Servicios P\u00fablicos, Pablo Reyes se refiri\u00f3 a varios programas que llevan adelante en conjunto con otras \u00c1reas &#8230;<\/p>\n","protected":false},"author":7,"featured_media":89657,"comment_status":"open","ping_status":"open","sticky":false,"template":"","format":"standard","meta":{"footnotes":""},"categories":[5,68],"tags":[],"class_list":["post-89589","post","type-post","status-publish","format-standard","has-post-thumbnail","hentry","category-actualidad","category-servicios"],"_links":{"self":[{"href":"https:\/\/vinasfm.com\/noticias\/wp-json\/wp\/v2\/posts\/89589","targetHints":{"allow":["GET"]}}],"collection":[{"href":"https:\/\/vinasfm.com\/noticias\/wp-json\/wp\/v2\/posts"}],"about":[{"href":"https:\/\/vinasfm.com\/noticias\/wp-json\/wp\/v2\/types\/post"}],"author":[{"embeddable":true,"href":"https:\/\/vinasfm.com\/noticias\/wp-json\/wp\/v2\/users\/7"}],"replies":[{"embeddable":true,"href":"https:\/\/vinasfm.com\/noticias\/wp-json\/wp\/v2\/comments?post=89589"}],"version-history":[{"count":13,"href":"https:\/\/vinasfm.com\/noticias\/wp-json\/wp\/v2\/posts\/89589\/revisions"}],"predecessor-version":[{"id":89938,"href":"https:\/\/vinasfm.com\/noticias\/wp-json\/wp\/v2\/posts\/89589\/revisions\/89938"}],"wp:featuredmedia":[{"embeddable":true,"href":"https:\/\/vinasfm.com\/noticias\/wp-json\/wp\/v2\/media\/89657"}],"wp:attachment":[{"href":"https:\/\/vinasfm.com\/noticias\/wp-json\/wp\/v2\/media?parent=89589"}],"wp:term":[{"taxonomy":"category","embeddable":true,"href":"https:\/\/vinasfm.com\/noticias\/wp-json\/wp\/v2\/categories?post=89589"},{"taxonomy":"post_tag","embeddable":true,"href":"https:\/\/vinasfm.com\/noticias\/wp-json\/wp\/v2\/tags?post=89589"}],"curies":[{"name":"wp","href":"https:\/\/api.w.org\/{rel}","templated":true}]}}