{"id":89266,"date":"2021-05-12T10:16:30","date_gmt":"2021-05-12T13:16:30","guid":{"rendered":"http:\/\/vinasfm.com\/noticias\/?p=89266"},"modified":"2021-05-13T12:16:15","modified_gmt":"2021-05-13T15:16:15","slug":"inseguridad-robaron-la-bicicleta-de-su-hijo-en-la-escuela-tecnica-y-ofrece-dinero-para-recuperarla","status":"publish","type":"post","link":"https:\/\/vinasfm.com\/noticias\/inseguridad-robaron-la-bicicleta-de-su-hijo-en-la-escuela-tecnica-y-ofrece-dinero-para-recuperarla\/","title":{"rendered":"INSEGURIDAD: ROBARON UNA BICICLETA EN LA ESCUELA T\u00c9CNICA Y LA FAMILIA OFRECI\u00d3 DINERO PARA RECUPERARLA"},"content":{"rendered":"<h4><span style=\"color: #000000;\"><strong>Un estudiante de nuestro departamento fue v\u00edctima del robo de su bicicleta este martes y su familia ofrece pagar el monto que el delincuente pida para recuperarla, ya que no conf\u00edan en la acci\u00f3n de la polic\u00eda. El rodado era utilizado por el joven para ir a la escuela (T\u00e9cnica Jorge Barraquero) y fue sustra\u00eddo cuando el adolescente estaba en el establecimiento.<\/strong><\/span><\/h4>\n<p><span style=\"color: #000000;\">La madre del menor,<strong> Ver\u00f3nica<\/strong>,\u00a0cont\u00f3 <strong>e<\/strong><strong>n di\u00e1logo con F.M. VI\u00d1AS <\/strong>la triste situaci\u00f3n que atraviesa su familia por el robo de la bicicleta (imagen) de su hijo: <em><strong>\u00ab\u00c9l va a la Escuela T\u00e9cnica, y ayer al mediod\u00eda cuando sali\u00f3 no ten\u00eda la bici. No estaba asegurada porque se hab\u00eda olvidado el candado pero estaba dentro de la escuela. Se ve que no hay mucha seguridad\u00bb,<\/strong><\/em> lament\u00f3 la mujer y asegur\u00f3: <em><strong>\u00abLa escuela no se hace cargo, no hay c\u00f3mo saber qui\u00e9n fue, as\u00ed que no encuentro otra opci\u00f3n\u00bb.<\/strong><\/em><\/span><\/p>\n<p><span style=\"color: #000000;\">Ante esta cruda realidad, la v\u00edctima est\u00e1 ofreciendo pagar el monto que el delincuente pida para recuperar el rodado. <em><strong>\u00abHice la denuncia pero es en vano porque hace un a\u00f1o tambi\u00e9n me robaron, hice todo lo que ten\u00eda que hacer y no recuper\u00e9 nada. Por eso mi pedido es a la persona que la rob\u00f3, por favor, que yo le pago a lo que \u00e9l la venda porque la necesito y es la \u00fanica bici que mi hijo tiene para ir a la escuela\u00bb<\/strong><\/em>, explic\u00f3.<\/span><\/p>\n<p><span style=\"color: #000000;\">En este sentido, agreg\u00f3: <em><strong>\u00abVivo en la Isla Gorostiague y le queda lejos (a su hijo). Ahora lo tuve que llevar, y a la vuelta se tiene que venir caminando porque yo trabajo y mi marido tambi\u00e9n\u00bb<\/strong><\/em>. Y con respecto a la bici detall\u00f3 el valor y algunas caracter\u00edsticas: <em><strong>\u00abEs una rodado 29, marca glove y de color naranja. Nos cost\u00f3 $30.000 hace dos a\u00f1os y ahora est\u00e1 m\u00e1s o menos $60.000, en este momento no podr\u00eda comprar una bici as\u00ed\u00bb,<\/strong><\/em> concluy\u00f3 en el aire de <strong>F.M. Vi\u00f1as<\/strong> la madre del damnificado.<\/span><\/p>\n<p><span style=\"color: #000000;\">Y para lograr que el mensaje llegue a quien sustrajo la bicicleta, emiti\u00f3 el siguiente posteo en su perfil de Facebook:\u00a0<\/span><\/p>\n<p><span style=\"color: #000000;\"><em>\u00ab<strong>A vos que le llevaste la bici a mi hijo te pido que me la devuelvas por favor te lo pido. Hace 2 a\u00f1os atr\u00e1s esa bici me sali\u00f3 $30.000 hoy est\u00e1n como a $50.000 y seguramente vos la vas a vender por nada o la vas a desarmar<\/strong> y la vas a vender por partes. <strong>Te pido por favor yo te la compro aunque s\u00e9 que es de mi hijo pero te ruego que la devuelvas<\/strong>. Te doy 5.000 o 6.000 si por eso m\u00e1s no la vas a vender. Mi celu es <strong>2625412699<\/strong>. <strong>No te voy a denunciar porque s\u00e9 que ac\u00e1 la justicia no funciona<\/strong>. S\u00e9 que este mensaje te va llegar por favor. <strong>Ll\u00e1mame, devolveme la bici te la compro yo. No se la ofrezcas a nadie m\u00e1s ni la desarmes por favor vend\u00e9mela a m\u00ed<\/strong>\u00ab.<\/em><\/span><\/p>\n<h5><span style=\"color: #000000;\">\u2022<strong>L.A.<\/strong><\/span><\/h5>\n","protected":false},"excerpt":{"rendered":"<p>Un estudiante de nuestro departamento fue v\u00edctima del robo de su bicicleta este martes y su familia ofrece pagar el monto &#8230;<\/p>\n","protected":false},"author":7,"featured_media":89278,"comment_status":"open","ping_status":"open","sticky":false,"template":"","format":"standard","meta":{"footnotes":""},"categories":[5,4],"tags":[],"class_list":["post-89266","post","type-post","status-publish","format-standard","has-post-thumbnail","hentry","category-actualidad","category-policiales"],"_links":{"self":[{"href":"https:\/\/vinasfm.com\/noticias\/wp-json\/wp\/v2\/posts\/89266","targetHints":{"allow":["GET"]}}],"collection":[{"href":"https:\/\/vinasfm.com\/noticias\/wp-json\/wp\/v2\/posts"}],"about":[{"href":"https:\/\/vinasfm.com\/noticias\/wp-json\/wp\/v2\/types\/post"}],"author":[{"embeddable":true,"href":"https:\/\/vinasfm.com\/noticias\/wp-json\/wp\/v2\/users\/7"}],"replies":[{"embeddable":true,"href":"https:\/\/vinasfm.com\/noticias\/wp-json\/wp\/v2\/comments?post=89266"}],"version-history":[{"count":14,"href":"https:\/\/vinasfm.com\/noticias\/wp-json\/wp\/v2\/posts\/89266\/revisions"}],"predecessor-version":[{"id":89402,"href":"https:\/\/vinasfm.com\/noticias\/wp-json\/wp\/v2\/posts\/89266\/revisions\/89402"}],"wp:featuredmedia":[{"embeddable":true,"href":"https:\/\/vinasfm.com\/noticias\/wp-json\/wp\/v2\/media\/89278"}],"wp:attachment":[{"href":"https:\/\/vinasfm.com\/noticias\/wp-json\/wp\/v2\/media?parent=89266"}],"wp:term":[{"taxonomy":"category","embeddable":true,"href":"https:\/\/vinasfm.com\/noticias\/wp-json\/wp\/v2\/categories?post=89266"},{"taxonomy":"post_tag","embeddable":true,"href":"https:\/\/vinasfm.com\/noticias\/wp-json\/wp\/v2\/tags?post=89266"}],"curies":[{"name":"wp","href":"https:\/\/api.w.org\/{rel}","templated":true}]}}