{"id":89198,"date":"2021-05-12T00:26:57","date_gmt":"2021-05-12T03:26:57","guid":{"rendered":"http:\/\/vinasfm.com\/noticias\/?p=89198"},"modified":"2021-05-12T12:17:31","modified_gmt":"2021-05-12T15:17:31","slug":"balverde-brindo-recomendaciones-para-evitar-intoxicacion-por-monoxido-de-carbono","status":"publish","type":"post","link":"https:\/\/vinasfm.com\/noticias\/balverde-brindo-recomendaciones-para-evitar-intoxicacion-por-monoxido-de-carbono\/","title":{"rendered":"BALVERDE BRIND\u00d3 RECOMENDACIONES PARA EVITAR INTOXICACI\u00d3N POR MON\u00d3XIDO DE CARBONO"},"content":{"rendered":"<h4><span style=\"color: #000000;\"><strong>Desde el \u00e1rea de defensa comenz\u00f3 la campa\u00f1a por intoxicaci\u00f3n por mon\u00f3xido de carbono, dando las recomendaciones y los cuidados a la hora de poner en funcionamiento los diferentes artefactos para calefaccionar.<\/strong><\/span><\/h4>\n<p><span style=\"color: #000000;\">La <strong>intoxicaci\u00f3n por mon\u00f3xido de carbono<\/strong> es una problem\u00e1tica en la que se trabaja todos los a\u00f1os, con la llegada del fr\u00edo se ponen en funcionamientos distintos artefactos para calefaccionar los hogares y se comienza a dar cuidados y recomendaciones para evitar inconvenientes.<\/span><\/p>\n<p><span style=\"color: #000000;\">En di\u00e1logo con <strong>F.M. VI\u00d1AS<\/strong>, el <strong>Director de Defensa Civil Adolfo Balverde,<\/strong> expres\u00f3: \u00ab<strong><em>Sabemos que el mon\u00f3xido de carbono es un gas que no tiene olor, color es muy normal que en \u00e9pocas de fr\u00edo se empiezan a prender los calefactores hay que observar este tipo de calefactores para que tengan una muy buena combusti\u00f3n, la combusti\u00f3n tiene que ser la llama de color azul, no tiene que ser rojiza<\/em><\/strong>\u00ab. Todos los a\u00f1os antes de prender los artefactos llamar a un profesional para que los revise y limpie si as\u00ed lo requiere.<\/span><\/p>\n<p><span style=\"color: #000000;\">En las peores circunstancias este gas se cobra la vida de alguien por este motivo se realizan campa\u00f1as, Balverde agreg\u00f3: \u00ab<strong><em>Las complicaciones que podemos llegar a tener y darnos cuenta de la intoxicaci\u00f3n es mareos, dolor de cabeza, nauseas, el cuerpo cansado esto hace que podemos llegar a estar entrando en una intoxicaci\u00f3n de mon\u00f3xido de carbono, hay que arrimarse al centro de salud m\u00e1s cercano para poder ser atendido<\/em><\/strong>\u00ab. Cuando uno pone en funcionamiento los artefactos que utilizan es importante ventilar los espacios y a la hora de irse a dormir controlar que este todo apagado.<\/span><\/p>\n<p><span style=\"color: #000000;\">\u00ab<strong><em>Todos los artefactos que tengan combusti\u00f3n sean a gas, a le\u00f1a es muy normal en nuestra en zona del agro que usemos la calefacci\u00f3n de estufa a le\u00f1a hay que tener ventilaci\u00f3n, tambi\u00e9n los braseros no hay que ir a dormir con este tipo de calefacci\u00f3n a le\u00f1a hay que tener bien ventilados los ambientes<\/em><\/strong>\u00ab, subray\u00f3 al finalizar el Director de Defensa Civil.<\/span><\/p>\n<p><span style=\"color: #000000;\">Entre las recomendaciones se pide no utilizar hornallas, ni el horno para calefaccionar los ambientes, siempre llamar a un profesional para su limpieza y control si hay alguna irregularidad en el color de la llama y ventilar bien todos los ambientes.<\/span><\/p>\n<h5><span style=\"color: #000000;\">\u2022C.F.<\/span><\/h5>\n","protected":false},"excerpt":{"rendered":"<p>Desde el \u00e1rea de defensa comenz\u00f3 la campa\u00f1a por intoxicaci\u00f3n por mon\u00f3xido de carbono, dando las recomendaciones y los cuidados a &#8230;<\/p>\n","protected":false},"author":7,"featured_media":81149,"comment_status":"open","ping_status":"open","sticky":false,"template":"","format":"standard","meta":{"footnotes":""},"categories":[5,51],"tags":[],"class_list":["post-89198","post","type-post","status-publish","format-standard","has-post-thumbnail","hentry","category-actualidad","category-defensa-civil"],"_links":{"self":[{"href":"https:\/\/vinasfm.com\/noticias\/wp-json\/wp\/v2\/posts\/89198","targetHints":{"allow":["GET"]}}],"collection":[{"href":"https:\/\/vinasfm.com\/noticias\/wp-json\/wp\/v2\/posts"}],"about":[{"href":"https:\/\/vinasfm.com\/noticias\/wp-json\/wp\/v2\/types\/post"}],"author":[{"embeddable":true,"href":"https:\/\/vinasfm.com\/noticias\/wp-json\/wp\/v2\/users\/7"}],"replies":[{"embeddable":true,"href":"https:\/\/vinasfm.com\/noticias\/wp-json\/wp\/v2\/comments?post=89198"}],"version-history":[{"count":7,"href":"https:\/\/vinasfm.com\/noticias\/wp-json\/wp\/v2\/posts\/89198\/revisions"}],"predecessor-version":[{"id":89233,"href":"https:\/\/vinasfm.com\/noticias\/wp-json\/wp\/v2\/posts\/89198\/revisions\/89233"}],"wp:featuredmedia":[{"embeddable":true,"href":"https:\/\/vinasfm.com\/noticias\/wp-json\/wp\/v2\/media\/81149"}],"wp:attachment":[{"href":"https:\/\/vinasfm.com\/noticias\/wp-json\/wp\/v2\/media?parent=89198"}],"wp:term":[{"taxonomy":"category","embeddable":true,"href":"https:\/\/vinasfm.com\/noticias\/wp-json\/wp\/v2\/categories?post=89198"},{"taxonomy":"post_tag","embeddable":true,"href":"https:\/\/vinasfm.com\/noticias\/wp-json\/wp\/v2\/tags?post=89198"}],"curies":[{"name":"wp","href":"https:\/\/api.w.org\/{rel}","templated":true}]}}