{"id":88954,"date":"2021-05-07T07:00:09","date_gmt":"2021-05-07T10:00:09","guid":{"rendered":"http:\/\/vinasfm.com\/noticias\/?p=88954"},"modified":"2021-05-10T09:52:33","modified_gmt":"2021-05-10T12:52:33","slug":"asi-estara-el-tiempo-este-fin-de-semana-2","status":"publish","type":"post","link":"https:\/\/vinasfm.com\/noticias\/asi-estara-el-tiempo-este-fin-de-semana-2\/","title":{"rendered":"AS\u00cd ESTAR\u00c1 EL TIEMPO ESTE FIN DE SEMANA"},"content":{"rendered":"<h4><strong><span style=\"color: #000000;\">Los meses de mayo, junio y julio ser\u00e1n m\u00e1s fr\u00edo de lo habitual, desde el Servicio de Pron\u00f3stico Meteorol\u00f3gico Nacional informan que solo dos provincias tendr\u00e1n d\u00edas m\u00e1s fr\u00edos y un de ellas es la provincia de Mendoza, habr\u00e1n precipitaciones normales para la \u00e9poca del a\u00f1o que estamos transitando.\u00a0<\/span><\/strong><\/h4>\n<p><span style=\"color: #000000;\"><em><strong>Hoy viernes<\/strong> <\/em>las temperaturas tendr\u00e1n un leve ascenso de la temperatura al respecto de los d\u00edas anteriores, habr\u00e1n vientos del este, una <em><strong>m\u00ednima de 5\u00b0C y un m\u00e1xima de 17\u00b0C<\/strong> <\/em>para este \u00faltimo d\u00eda de la semana.<\/span><\/p>\n<p><span style=\"color: #000000;\"><em><strong>Para el inicio del fin de semana<\/strong><\/em>, se espera un leve ascenso de la temperatura pero con cielo algo nublado todo el d\u00eda y vientos del este, est\u00e1 pronosticado<strong><em> una m\u00ednima de 5\u00b0C y una temperatura m\u00e1xima de 17\u00b0C.<\/em><\/strong><\/span><\/p>\n<p><span style=\"color: #000000;\">Cerrando el fin de semana para <em><strong>el d\u00eda domingo<\/strong><\/em> se espera poco cambio de la temperatura, con una m\u00e1xima de <strong><em>17\u00b0C y una m\u00ednima de 8\u00b0C.<\/em><\/strong><\/span><\/p>\n<p><span style=\"color: #000000;\">Se indica que en Mendoza habr\u00e1 precipitaciones normales para la \u00e9poca, mientras que el sur estar\u00e1 levemente m\u00e1s seco, lo mismo que el noroeste y en las provincias del norte y centro, sur del Litoral, Mendoza y sur de Patagonia un trimestre con lluvias dentro del rango normal es m\u00e1s probable.<\/span><\/p>\n<h5><span style=\"color: #000000;\">\u2022C.F.<\/span><\/h5>\n<table border=\"0.5\" width=\"100%\">\n<tbody>\n<tr>\n<td align=\"center\" valign=\"center\" width=\"18%\"><\/td>\n<td width=\"21%\"><\/td>\n<td width=\"61%\"><\/td>\n<\/tr>\n<\/tbody>\n<\/table>\n<table border=\"0.5\" width=\"100%\">\n<tbody>\n<tr>\n<td align=\"center\" valign=\"center\" width=\"18%\"><\/td>\n<td width=\"21%\">\n<div align=\"center\"><\/div>\n<\/td>\n<td width=\"61%\"><\/td>\n<\/tr>\n<\/tbody>\n<\/table>\n","protected":false},"excerpt":{"rendered":"<p>Los meses de mayo, junio y julio ser\u00e1n m\u00e1s fr\u00edo de lo habitual, desde el Servicio de Pron\u00f3stico Meteorol\u00f3gico Nacional informan &#8230;<\/p>\n","protected":false},"author":7,"featured_media":88958,"comment_status":"open","ping_status":"open","sticky":false,"template":"","format":"standard","meta":{"footnotes":""},"categories":[5,36],"tags":[],"class_list":["post-88954","post","type-post","status-publish","format-standard","has-post-thumbnail","hentry","category-actualidad","category-pronostico"],"_links":{"self":[{"href":"https:\/\/vinasfm.com\/noticias\/wp-json\/wp\/v2\/posts\/88954","targetHints":{"allow":["GET"]}}],"collection":[{"href":"https:\/\/vinasfm.com\/noticias\/wp-json\/wp\/v2\/posts"}],"about":[{"href":"https:\/\/vinasfm.com\/noticias\/wp-json\/wp\/v2\/types\/post"}],"author":[{"embeddable":true,"href":"https:\/\/vinasfm.com\/noticias\/wp-json\/wp\/v2\/users\/7"}],"replies":[{"embeddable":true,"href":"https:\/\/vinasfm.com\/noticias\/wp-json\/wp\/v2\/comments?post=88954"}],"version-history":[{"count":3,"href":"https:\/\/vinasfm.com\/noticias\/wp-json\/wp\/v2\/posts\/88954\/revisions"}],"predecessor-version":[{"id":88984,"href":"https:\/\/vinasfm.com\/noticias\/wp-json\/wp\/v2\/posts\/88954\/revisions\/88984"}],"wp:featuredmedia":[{"embeddable":true,"href":"https:\/\/vinasfm.com\/noticias\/wp-json\/wp\/v2\/media\/88958"}],"wp:attachment":[{"href":"https:\/\/vinasfm.com\/noticias\/wp-json\/wp\/v2\/media?parent=88954"}],"wp:term":[{"taxonomy":"category","embeddable":true,"href":"https:\/\/vinasfm.com\/noticias\/wp-json\/wp\/v2\/categories?post=88954"},{"taxonomy":"post_tag","embeddable":true,"href":"https:\/\/vinasfm.com\/noticias\/wp-json\/wp\/v2\/tags?post=88954"}],"curies":[{"name":"wp","href":"https:\/\/api.w.org\/{rel}","templated":true}]}}