{"id":88845,"date":"2021-05-06T10:00:05","date_gmt":"2021-05-06T13:00:05","guid":{"rendered":"http:\/\/vinasfm.com\/noticias\/?p=88845"},"modified":"2021-05-07T09:10:31","modified_gmt":"2021-05-07T12:10:31","slug":"quienes-pueden-utilizar-el-transporte-publico-para-ingresar-o-salir-de-alvear-y-cuatro-distritos-de-san-rafael","status":"publish","type":"post","link":"https:\/\/vinasfm.com\/noticias\/quienes-pueden-utilizar-el-transporte-publico-para-ingresar-o-salir-de-alvear-y-cuatro-distritos-de-san-rafael\/","title":{"rendered":"QUI\u00c9NES PUEDEN UTILIZAR EL TRANSPORTE P\u00daBLICO PARA INGRESAR O SALIR DE ALVEAR Y CUATRO DISTRITOS DE SAN RAFAEL"},"content":{"rendered":"<h4><span style=\"color: #000000;\"><strong>La publicaci\u00f3n en el Bolet\u00edn Oficial de la Resoluci\u00f3n 322 de la Direcci\u00f3n de Transporte, adecuada al Decreto Provincial 540, estipula qui\u00e9nes pueden salir de la zona comprendida por General Alvear y cuatro distritos sanrafaelinos aleda\u00f1os utilizando el sistema de transporte de pasajeros.<\/strong><\/span><\/h4>\n<p><span style=\"color: #000000;\">Con las nuevas medidas restrictivas implementadas en <strong>nuestro departamento y las localidades de Villa Atuel, Atuel Norte, Real del Padre y Jaime Prats<\/strong> luego de detectarse la circulaci\u00f3n de la variante Manaos P1, <strong>el uso del transporte p\u00fablico se reduce solamente a personal esencial<\/strong>, seg\u00fan estipula la reciente resoluci\u00f3n.<\/span><\/p>\n<div dir=\"auto\"><span style=\"color: #000000;\">Desde la <strong>Secretaria de Servicios P\u00fablicos de Mendoza<\/strong> indicaron a <strong>F.M. VI\u00d1AS<\/strong> que <strong>desde el 1\u00b0 de Mayo<\/strong> resolvieron que las <strong>empresas del servicio regular de pasajeros de media y larga distancia que prestan servicio en nuestra regi\u00f3n<\/strong> podr\u00e1n trasladar \u00fanicamente a:\u00a0<\/span><\/div>\n<div dir=\"auto\"><\/div>\n<ul>\n<li dir=\"auto\"><span style=\"color: #000000;\"><strong>Personal de Salud.<\/strong><\/span><\/li>\n<li dir=\"auto\"><span style=\"color: #000000;\"><strong>Personal de las Fuerzas de Seguridad.<\/strong><\/span><\/li>\n<li dir=\"auto\"><span style=\"color: #000000;\"><strong>Personas con turnos m\u00e9dicos previamente asignados, con un acompa\u00f1ante.<\/strong><\/span><\/li>\n<li dir=\"auto\"><span style=\"color: #000000;\"><strong>Personas que deban trasladarse para cuidar familiares internados en hospitales o centros asistenciales.<\/strong><\/span><\/li>\n<\/ul>\n<div dir=\"auto\"><span style=\"color: #000000;\">Para regular el cumplimiento de la resoluci\u00f3n, se dispuso que <strong>las personas precedentemente exceptuadas deber\u00e1n acreditar su condici\u00f3n en las boleter\u00edas<\/strong> correspondientes de las siguientes formas:\u00a0<\/span><\/div>\n<div dir=\"auto\"><\/div>\n<ol>\n<li dir=\"auto\"><span style=\"color: #000000;\"><strong>El personal de la salud deber\u00e1 presentar su \u00faltimo bono de sueldo o credencial profesional.<\/strong><\/span><\/li>\n<li dir=\"auto\"><span style=\"color: #000000;\"><strong>El personal perteneciente a las fuerzas de seguridad deber\u00e1 exhibir las credenciales que acrediten su calidad.<\/strong><\/span><\/li>\n<li dir=\"auto\"><span style=\"color: #000000;\"><strong>\u00a0Las personas que por enfermedad grave no pueden atenderse en hospitales o centros asistenciales cercanos a su domicilio, as\u00ed como las perdonas que necesiten trasladarse para el cuidado de familiares internados, deber\u00e1n exhibir un certificado m\u00e9dico que acredite dicha situaci\u00f3n personal o del familiar enfermo al que deban asistir.<\/strong><\/span><\/li>\n<\/ol>\n<p><span style=\"color: #000000;\">D\u00edas atr\u00e1s la <strong>Empresa Isel\u00edn<\/strong> comunic\u00f3 que &#8216;<strong><em>por las restricciones impuestas entre Alvear y San Rafael los micros solo trasportar\u00e1n a personal esencial: salud, seguridad, y aquellos que se trasladen con un turno m\u00e9dico de emergencia<\/em><\/strong>&#8216;. Lo mismo ocurre con la <strong>Empresa La Uni\u00f3n S.R.L.<\/strong> que <strong>ha modificado sus horarios adecu\u00e1ndolos a las nuevas disposiciones.<\/strong><\/span><\/p>\n<h5><span style=\"color: #000000;\">\u2022F.B. (F.M. Vi\u00f1as).<\/span><\/h5>\n","protected":false},"excerpt":{"rendered":"<p>La publicaci\u00f3n en el Bolet\u00edn Oficial de la Resoluci\u00f3n 322 de la Direcci\u00f3n de Transporte, adecuada al Decreto Provincial 540, estipula &#8230;<\/p>\n","protected":false},"author":8,"featured_media":65649,"comment_status":"open","ping_status":"open","sticky":false,"template":"","format":"standard","meta":{"footnotes":""},"categories":[5,66],"tags":[],"class_list":["post-88845","post","type-post","status-publish","format-standard","has-post-thumbnail","hentry","category-actualidad","category-transporte"],"_links":{"self":[{"href":"https:\/\/vinasfm.com\/noticias\/wp-json\/wp\/v2\/posts\/88845","targetHints":{"allow":["GET"]}}],"collection":[{"href":"https:\/\/vinasfm.com\/noticias\/wp-json\/wp\/v2\/posts"}],"about":[{"href":"https:\/\/vinasfm.com\/noticias\/wp-json\/wp\/v2\/types\/post"}],"author":[{"embeddable":true,"href":"https:\/\/vinasfm.com\/noticias\/wp-json\/wp\/v2\/users\/8"}],"replies":[{"embeddable":true,"href":"https:\/\/vinasfm.com\/noticias\/wp-json\/wp\/v2\/comments?post=88845"}],"version-history":[{"count":4,"href":"https:\/\/vinasfm.com\/noticias\/wp-json\/wp\/v2\/posts\/88845\/revisions"}],"predecessor-version":[{"id":88853,"href":"https:\/\/vinasfm.com\/noticias\/wp-json\/wp\/v2\/posts\/88845\/revisions\/88853"}],"wp:featuredmedia":[{"embeddable":true,"href":"https:\/\/vinasfm.com\/noticias\/wp-json\/wp\/v2\/media\/65649"}],"wp:attachment":[{"href":"https:\/\/vinasfm.com\/noticias\/wp-json\/wp\/v2\/media?parent=88845"}],"wp:term":[{"taxonomy":"category","embeddable":true,"href":"https:\/\/vinasfm.com\/noticias\/wp-json\/wp\/v2\/categories?post=88845"},{"taxonomy":"post_tag","embeddable":true,"href":"https:\/\/vinasfm.com\/noticias\/wp-json\/wp\/v2\/tags?post=88845"}],"curies":[{"name":"wp","href":"https:\/\/api.w.org\/{rel}","templated":true}]}}