{"id":88728,"date":"2021-05-04T15:27:20","date_gmt":"2021-05-04T18:27:20","guid":{"rendered":"http:\/\/vinasfm.com\/noticias\/?p=88728"},"modified":"2021-05-05T09:15:31","modified_gmt":"2021-05-05T12:15:31","slug":"se-realizo-el-sorteo-a-beneficio-de-amaf-que-tuvo-dos-ganadores","status":"publish","type":"post","link":"https:\/\/vinasfm.com\/noticias\/se-realizo-el-sorteo-a-beneficio-de-amaf-que-tuvo-dos-ganadores\/","title":{"rendered":"SE REALIZ\u00d3 EL SORTEO A BENEFICIO DE AMAF: DOS PERSONAS GANARON IMPORTANTES PREMIOS"},"content":{"rendered":"<div dir=\"auto\">\n<h4><span style=\"color: #000000;\"><strong>La Asociaci\u00f3n de Mujeres en Apoyo a la Familia continua trabajando con su comunidad educativa en el marco del inicio del ciclo lectivo 2021.\u00a0<\/strong><strong>Son cuatro los jardines maternales gerenciados por AMAF (El Omb\u00fa, De la Esquina, Mercedes de San Mart\u00edn y Pimpollito) sume a los dos Centros de Apoyo Educativo, tarea que demanda altos costos por lo que lanzaron un sorteo con el fin de solventar distintos gastos.\u00a0<\/strong><\/span><\/h4>\n<\/div>\n<div dir=\"auto\"><span style=\"color: #000000;\">El d\u00eda <strong>viernes 30 de abril<\/strong> se realiz\u00f3 el sorteo ante el <strong>escribano p\u00fablico Pedro Cetra<\/strong> resultando ganadores del mismo:<\/span><\/div>\n<ul>\n<li dir=\"auto\"><span style=\"color: #000000;\"><b>1\u00b0 premio Sra. Yolanda G\u00f3mez con el N\u00b0955 vendido en el Jard\u00edn Mercedes de San Mart\u00edn.<\/b><\/span><\/li>\n<li dir=\"auto\"><span style=\"color: #000000;\"><b>2\u00b0 premio Sra. Mar\u00eda\u00a0Bel\u00e9n\u00a0Ruiz con el N\u00b0 251 vendido en el Jard\u00edn El Omb\u00fa<\/b><\/span><\/li>\n<\/ul>\n<div dir=\"auto\">\n<div dir=\"auto\"><span style=\"color: #000000;\">Se vendieron alrededor de 600 n\u00fameros cuya recaudaci\u00f3n ser\u00e1 destinada a las instituciones que administra AMAF: \u2018<strong><em>Los bonos solidarios tuvieron un valor de $500 y se pudo abonar en dos veces. El fin es cubrir gastos comunes<\/em><\/strong>\u2018, explic\u00f3 a\u00a0<strong>F.M. Vi\u00f1as<\/strong>\u00a0<strong>Juliana Santamarina<\/strong>, referente de la asociaci\u00f3n.<\/span><\/div>\n<div dir=\"auto\"><\/div>\n<div dir=\"auto\"><span style=\"color: #000000;\">\u2018<strong><em>El primer premio fue de $25.000, segundo premio de $10.000<\/em><\/strong>\u2018, subray\u00f3 Santamarina, quien se\u00f1al\u00f3 que los bonos se obtuvieron a trav\u00e9s de las <strong>docentes<\/strong>\u00a0que conforman las instituciones educativas,\u00a0<strong>integrantes de la Comisi\u00f3n y voluntarias de AMAF<\/strong>\u00a0o los\u00a0<strong>alumnos de 5\u00b0 de la Escuela \u2018Agricultura\u2019<\/strong>.<\/span><\/div>\n<div dir=\"auto\"><\/div>\n<div dir=\"auto\"><span style=\"color: #000000;\">En la misma l\u00ednea invit\u00f3 a todos aquellos que deseen colaborar con AMAF a sumarse a la lista de socios para lo cual deben aportar $200 por mes \u2018<strong><em>ayuda que nosotros destinamos enteramente a los establecimientos y las tareas del equipo de trabajo. Deben comunicarse al facebook\u00a0<a style=\"color: #000000;\" href=\"https:\/\/www.facebook.com\/amaf.jardinesmaternales.9\">AMAF Jardines Maternales<\/a><\/em><\/strong>\u2018, consign\u00f3.<\/span><\/div>\n<div dir=\"auto\"><\/div>\n<div dir=\"auto\"><span style=\"color: #000000;\">Al ser consultada sobre el costo que significa mensualmente sostener los jardines maternales, indic\u00f3 que asciende a $100 mil, monto que se eleva con la aplicaci\u00f3n de los protocolos Covid-19 obligatorios: \u2018<strong><em>Todo nos ayuda en el sostenimiento de las instituciones, cubrir el sueldo de las auxiliares, reparaciones y reacondicionamiento edilicio, utensilios y otros menesteres<\/em><\/strong>\u2018.<\/span><\/div>\n<\/div>\n<h5 dir=\"auto\"><span style=\"color: #000000;\">\u2022F.B.<\/span><\/h5>\n","protected":false},"excerpt":{"rendered":"<p>La Asociaci\u00f3n de Mujeres en Apoyo a la Familia continua trabajando con su comunidad educativa en el marco del inicio del &#8230;<\/p>\n","protected":false},"author":8,"featured_media":88730,"comment_status":"open","ping_status":"open","sticky":false,"template":"","format":"standard","meta":{"footnotes":""},"categories":[5,18],"tags":[],"class_list":["post-88728","post","type-post","status-publish","format-standard","has-post-thumbnail","hentry","category-actualidad","category-educacion"],"_links":{"self":[{"href":"https:\/\/vinasfm.com\/noticias\/wp-json\/wp\/v2\/posts\/88728","targetHints":{"allow":["GET"]}}],"collection":[{"href":"https:\/\/vinasfm.com\/noticias\/wp-json\/wp\/v2\/posts"}],"about":[{"href":"https:\/\/vinasfm.com\/noticias\/wp-json\/wp\/v2\/types\/post"}],"author":[{"embeddable":true,"href":"https:\/\/vinasfm.com\/noticias\/wp-json\/wp\/v2\/users\/8"}],"replies":[{"embeddable":true,"href":"https:\/\/vinasfm.com\/noticias\/wp-json\/wp\/v2\/comments?post=88728"}],"version-history":[{"count":3,"href":"https:\/\/vinasfm.com\/noticias\/wp-json\/wp\/v2\/posts\/88728\/revisions"}],"predecessor-version":[{"id":88742,"href":"https:\/\/vinasfm.com\/noticias\/wp-json\/wp\/v2\/posts\/88728\/revisions\/88742"}],"wp:featuredmedia":[{"embeddable":true,"href":"https:\/\/vinasfm.com\/noticias\/wp-json\/wp\/v2\/media\/88730"}],"wp:attachment":[{"href":"https:\/\/vinasfm.com\/noticias\/wp-json\/wp\/v2\/media?parent=88728"}],"wp:term":[{"taxonomy":"category","embeddable":true,"href":"https:\/\/vinasfm.com\/noticias\/wp-json\/wp\/v2\/categories?post=88728"},{"taxonomy":"post_tag","embeddable":true,"href":"https:\/\/vinasfm.com\/noticias\/wp-json\/wp\/v2\/tags?post=88728"}],"curies":[{"name":"wp","href":"https:\/\/api.w.org\/{rel}","templated":true}]}}