{"id":88577,"date":"2021-05-03T00:10:15","date_gmt":"2021-05-03T03:10:15","guid":{"rendered":"http:\/\/vinasfm.com\/noticias\/?p=88577"},"modified":"2021-05-03T00:12:31","modified_gmt":"2021-05-03T03:12:31","slug":"en-contexto-de-pandemia-suarez-dio-su-segundo-discurso-ante-la-legislatura","status":"publish","type":"post","link":"https:\/\/vinasfm.com\/noticias\/en-contexto-de-pandemia-suarez-dio-su-segundo-discurso-ante-la-legislatura\/","title":{"rendered":"EN CONTEXTO DE PANDEMIA, SU\u00c1REZ DIO SU SEGUNDO DISCURSO ANTE LA LEGISLATURA"},"content":{"rendered":"<h4><span style=\"color: #000000;\"><strong>El Gobernador Rodolfo Suarez dio comienzo al 181\u00ba per\u00edodo de sesiones ordinarias. Su discurso es transmitido por internet y mediante una se\u00f1al \u00fanica de televisi\u00f3n.<\/strong><\/span><\/h4>\n<p><span style=\"color: #000000;\">Este es el <strong>segundo discurso del Gobernador Suarez en la Legislatura Provincial<\/strong>, en contexto de la pandemia por coronavirus, para dar inicio al <strong>Per\u00edodo Ordinario de Sesiones<\/strong>. Se realiza a trav\u00e9s de videoconferencia, respetando aislamiento social, preventivo y obligatorio.<\/span><\/p>\n<p><span style=\"color: #000000;\">En el recinto solo esruvieron presentes el Gobernador Rodolfo Suarez; el vicegobernador y presidente del Senado, Mario Abed; el presidente de la C\u00e1mara de Diputados, Andr\u00e9s Lombardi; los secretarios legislativos de ambas c\u00e1maras, David S\u00e1ez y Carolina Lettry, y los presidentes de bloque de las c\u00e1maras de Senadores y Diputados, mientras que el resto de las y los legisladores se encuentran conectados por internet.<\/span><\/p>\n<p><span style=\"color: #000000;\">Adem\u00e1s est\u00e1n los ministros de Cultura y Turismo, Mariana Juri; Econom\u00eda y Energ\u00eda, Enrique Vaqui\u00e9; Gobierno, Trabajo y Justicia, V\u00edctor Iba\u00f1ez; Hacienda y Finanzas, Lisandro Nieri; Salud, Desarrollo Social y Deportes, Ana Mar\u00eda Nadal; y el director general de Escuelas, Jos\u00e9 Thomas, quienes siguen el discurso desde el Sal\u00f3n de los Gobernadores.<\/span><\/p>\n<p><span style=\"color: #000000;\">Todo se televis\u00f3 por una se\u00f1al \u00fanica de televisi\u00f3n, tambi\u00e9n se transmite v\u00eda\u00a0<em>streaming<\/em>\u00a0y por\u00a0<a style=\"color: #000000;\" href=\"https:\/\/www.youtube.com\/watch?v=cbdqkBk2x_A&amp;feature=youtu.be\" target=\"_blank\" rel=\"noreferrer noopener\">el canal de Youtube<\/a>\u00a0del Gobierno de Mendoza, por lo que intendentes, legisladores nacionales, miembros del Poder Judicial y del Cuerpo Consular acompa\u00f1aron al Gobernador\u00a0<em>on-line<\/em>\u00a0o por canales de televisi\u00f3n.<\/span><\/p>\n<h5><span style=\"color: #000000;\">\u2022F.B.<\/span><\/h5>\n","protected":false},"excerpt":{"rendered":"<p>El Gobernador Rodolfo Suarez dio comienzo al 181\u00ba per\u00edodo de sesiones ordinarias. Su discurso es transmitido por internet y mediante una &#8230;<\/p>\n","protected":false},"author":8,"featured_media":88578,"comment_status":"open","ping_status":"open","sticky":false,"template":"","format":"standard","meta":{"footnotes":""},"categories":[5,7],"tags":[],"class_list":["post-88577","post","type-post","status-publish","format-standard","has-post-thumbnail","hentry","category-actualidad","category-politica"],"_links":{"self":[{"href":"https:\/\/vinasfm.com\/noticias\/wp-json\/wp\/v2\/posts\/88577","targetHints":{"allow":["GET"]}}],"collection":[{"href":"https:\/\/vinasfm.com\/noticias\/wp-json\/wp\/v2\/posts"}],"about":[{"href":"https:\/\/vinasfm.com\/noticias\/wp-json\/wp\/v2\/types\/post"}],"author":[{"embeddable":true,"href":"https:\/\/vinasfm.com\/noticias\/wp-json\/wp\/v2\/users\/8"}],"replies":[{"embeddable":true,"href":"https:\/\/vinasfm.com\/noticias\/wp-json\/wp\/v2\/comments?post=88577"}],"version-history":[{"count":1,"href":"https:\/\/vinasfm.com\/noticias\/wp-json\/wp\/v2\/posts\/88577\/revisions"}],"predecessor-version":[{"id":88579,"href":"https:\/\/vinasfm.com\/noticias\/wp-json\/wp\/v2\/posts\/88577\/revisions\/88579"}],"wp:featuredmedia":[{"embeddable":true,"href":"https:\/\/vinasfm.com\/noticias\/wp-json\/wp\/v2\/media\/88578"}],"wp:attachment":[{"href":"https:\/\/vinasfm.com\/noticias\/wp-json\/wp\/v2\/media?parent=88577"}],"wp:term":[{"taxonomy":"category","embeddable":true,"href":"https:\/\/vinasfm.com\/noticias\/wp-json\/wp\/v2\/categories?post=88577"},{"taxonomy":"post_tag","embeddable":true,"href":"https:\/\/vinasfm.com\/noticias\/wp-json\/wp\/v2\/tags?post=88577"}],"curies":[{"name":"wp","href":"https:\/\/api.w.org\/{rel}","templated":true}]}}