{"id":88523,"date":"2021-05-01T23:57:32","date_gmt":"2021-05-02T02:57:32","guid":{"rendered":"http:\/\/vinasfm.com\/noticias\/?p=88523"},"modified":"2021-05-03T10:18:30","modified_gmt":"2021-05-03T13:18:30","slug":"controlaran-el-ingreso-y-restringiran-el-egreso-en-alvear-y-cuatro-distritos-sanrafaelinos","status":"publish","type":"post","link":"https:\/\/vinasfm.com\/noticias\/controlaran-el-ingreso-y-restringiran-el-egreso-en-alvear-y-cuatro-distritos-sanrafaelinos\/","title":{"rendered":"CONTROLAR\u00c1N EL INGRESO Y RESTRINGIR\u00c1N EL EGRESO EN ALVEAR Y CUATRO DISTRITOS SANRAFAELINOS"},"content":{"rendered":"<h4><span style=\"color: #000000;\"><strong>Luego de la confirmaci\u00f3n de la circulaci\u00f3n de la cepa de Manaos en General Alvear, el Gobierno provincial decret\u00f3 la restricci\u00f3n del ingreso y egreso a este departamento. La medida tambi\u00e9n abarca a cuatro distritos de San Rafael. Ellos son:\u00a0Jaime Pratt, Atuel Norte, Villa Atuel y Real del Padre.<\/strong><\/span><\/h4>\n<p><span style=\"color: #000000;\">Todo el departamento de <strong>General Alvear quedar\u00e1 &#8216;blindado&#8217; durante 15 d\u00edas<\/strong>, ya que no se podr\u00e1 entrar ni salir por las rutas, salvo personal esencial. De esta manera, las autoridades buscan bajar la <strong>circulaci\u00f3n<\/strong> para disminuir la curva de contagios.\u00a0<strong>La misma estar\u00e1 reducida desde las 20 y hasta las 5:30 hs. y quedar\u00e1n\u00a0exceptuados\u00a0los trabajadores esenciales.<\/strong><\/span><\/p>\n<p><span style=\"color: #000000;\">Para ello, <strong>integrantes de la fuerza policial supervisar\u00e1n la circulaci\u00f3n de personas<\/strong> en todas las rutas que tienen contacto con <strong>General Alvear<\/strong> y las localidades de <strong>San Rafael\u00a0<\/strong>antes mencionadas. En concreto, Levrino explic\u00f3 que el operativo se realizar\u00e1 en la <strong>ruta provincial 153<\/strong> que conecta\u00a0<strong>Alvear <\/strong>con <strong>Las Catitas<\/strong>, en la<strong> ruta 146<\/strong> a San Luis, en la <strong>Ruta Nacional 143\u00a0<\/strong>y en la <strong>Ruta Nacional 188<\/strong>. &#8216;<strong><em>En aquellas rutas las circulaciones transitorias de personas que deben pasar por all\u00ed hacia otro destino ser\u00e1n con encapsulamiento policia<\/em><em>l&#8217;<\/em><\/strong>, expres\u00f3 y dej\u00f3 claro que solo trabajar\u00e1n polic\u00edas con domicilio en <strong>Alvear <\/strong>y agentes municipales.<\/span><\/p>\n<p><span style=\"color: #000000;\">&#8216;<strong><em>La intenci\u00f3n es que no salgan personas de General Alvear por la cepa de Manaos para no contagiar a personas en otros puntos de la provincia<\/em><\/strong>&#8216;, explic\u00f3 el intendente <strong>Marcolini <\/strong>y remarc\u00f3 que <strong>la medida regir\u00e1 por dos semanas<\/strong>. Adem\u00e1s, agreg\u00f3 que afortunadamente los \u00edndices de positividad han comenzado a marcar un descenso en la comuna. <strong>En cuanto a los alvearenses que viven en otro departamento, aclar\u00f3 que si vuelven deber\u00e1n quedarse 15 d\u00edas en Alvear<\/strong>.\u00a0<\/span><\/p>\n<p><span style=\"color: #000000;\">En cuanto a las <strong>clases<\/strong>, <strong>Marcolini <\/strong>manifest\u00f3 que seguir\u00e1n funcionando con el mismo criterio de <strong>presencialidad<\/strong>. &#8216;<em><strong>La sociedad est\u00e1 preocupada pero tratamos de tomar medidas con rigor cient\u00edfico. En las escuelas de Alvear la tasa de contagios es menor al 1%<\/strong><\/em>&#8216;, expres\u00f3.\u00a0<\/span><\/p>\n<p><span style=\"color: #000000;\">En cuanto a la situaci\u00f3n del <strong>Hospital Enfermeros Argentinos<\/strong>, el intendente dijo que <strong>est\u00e1 dando respuesta con una ocupaci\u00f3n total de camas UTI pero que esperan que la baja en el porcentaje de positividad lleve a un mejoramiento de la situaci\u00f3n<\/strong>. Adem\u00e1s, agreg\u00f3 que llevar\u00e1n cuatro respiradores m\u00e1s para reforzarlo.<\/span><\/p>\n<p><span style=\"color: #000000;\">Adem\u00e1s, remarc\u00f3 que se van a incrementar los testeos en General Alvear y en distritos sanrafalinos como de Real del Padre, que est\u00e1n cerca y donde las personas son atendidas en nuestro hospital Enfermeros Argentinos.<\/span><\/p>\n<p><span style=\"color: #000000;\">El <strong>comercio podr\u00e1 atender con delivery hasta las 23:30 hs<\/strong>., ya que <strong>deber\u00e1n cerrar a las 19:30 hs.<\/strong>, incluido el <strong>rubro gastron\u00f3mico<\/strong>. <strong>Se suspenden las actividades deportivas, los gimnasios y las actividades culturales y religiosas<\/strong> solo podr\u00e1n hacerse hasta las 19:30 hs. con un aforo del 10%:\u00a0<strong>&#8216;<em>Esta disposici\u00f3n corre tambi\u00e9n para bares y restaurantes que podr\u00e1n funcionar mediante el sistema de delivery\u00a0y a comercios de cercan\u00eda<\/em>&#8216;,<\/strong> explic\u00f3 el <strong>Ministro de Gobierno, V\u00edctor Ib\u00e1\u00f1ez<\/strong>.<\/span><\/p>\n<p><span style=\"color: #000000;\"><strong>&#8216;<em>Tambi\u00e9n se suspenden las actividades deportivas al aire libre o en espacios cerrados y las celebraciones religiosas se limitar\u00e1n al 10% de su capacidad<\/em>&#8216;,<\/strong> agreg\u00f3 el funcionario.<\/span><\/p>\n<h4><span style=\"color: #000000;\"><strong>Las nuevas medidas para General Alvear y para los distritos de Real del Padre, Villa Atuel, Atuel Norte y Jaime Prats de San Rafael<\/strong><\/span><\/h4>\n<ul>\n<li><span style=\"color: #000000;\"><strong>Restricci\u00f3n en el acceso y egreso del departamento de General y de los distritos mencionados, con\u00a0 excepci\u00f3n de todo el personal vinculado\u00a0 a actividades de tipo esencial.<\/strong><\/span><\/li>\n<li><span style=\"color: #000000;\"><strong>Se mantiene el cierre de los comercios a las 19:30 incluido el rubro gastron\u00f3mico y comercios de cercan\u00eda.<\/strong><\/span><\/li>\n<li><span style=\"color: #000000;\"><strong>Suspensi\u00f3n de las actividades deportivas en el \u00e1mbito de las canchas de f\u00fatbol 5 y clubes.<\/strong><\/span><\/li>\n<li><span style=\"color: #000000;\"><strong>La suspensi\u00f3n de las actividades deportivas en el \u00e1mbito de los gimnasios.<\/strong><\/span><\/li>\n<li><span style=\"color: #000000;\"><strong>La limitaci\u00f3n en celebraciones religiosas al 10%\u00a0 el factor de ocupaci\u00f3n y hasta\u00a0 las 19:30<\/strong><\/span><\/li>\n<li><span style=\"color: #000000;\"><strong>El alerta sanitario en dicho departamento y en los distritos de San Rafael, se define en la franja horaria entre las 20 y las 5:30 del d\u00eda siguiente, exceptuando al personal esencial y para el rubro gastron\u00f3mico pueden hacer uso del delivery y pase y lleve, hasta las 23:30.<\/strong><\/span><\/li>\n<\/ul>\n<p>&nbsp;<\/p>\n<p><iframe loading=\"lazy\" title=\"Conferencia de Prensa: Situaci\u00f3n sanitaria en General Alvear\" width=\"1140\" height=\"641\" src=\"https:\/\/www.youtube.com\/embed\/x6o44XqKcdM?feature=oembed\" frameborder=\"0\" allow=\"accelerometer; autoplay; clipboard-write; encrypted-media; gyroscope; picture-in-picture\" allowfullscreen><\/iframe><\/p>\n<p>&nbsp;<\/p>\n<p>&nbsp;<\/p>\n<p>&nbsp;<\/p>\n","protected":false},"excerpt":{"rendered":"<p>Luego de la confirmaci\u00f3n de la circulaci\u00f3n de la cepa de Manaos en General Alvear, el Gobierno provincial decret\u00f3 la restricci\u00f3n &#8230;<\/p>\n","protected":false},"author":8,"featured_media":88524,"comment_status":"open","ping_status":"open","sticky":false,"template":"","format":"standard","meta":{"footnotes":""},"categories":[5,10],"tags":[],"class_list":["post-88523","post","type-post","status-publish","format-standard","has-post-thumbnail","hentry","category-actualidad","category-destacadas"],"_links":{"self":[{"href":"https:\/\/vinasfm.com\/noticias\/wp-json\/wp\/v2\/posts\/88523","targetHints":{"allow":["GET"]}}],"collection":[{"href":"https:\/\/vinasfm.com\/noticias\/wp-json\/wp\/v2\/posts"}],"about":[{"href":"https:\/\/vinasfm.com\/noticias\/wp-json\/wp\/v2\/types\/post"}],"author":[{"embeddable":true,"href":"https:\/\/vinasfm.com\/noticias\/wp-json\/wp\/v2\/users\/8"}],"replies":[{"embeddable":true,"href":"https:\/\/vinasfm.com\/noticias\/wp-json\/wp\/v2\/comments?post=88523"}],"version-history":[{"count":12,"href":"https:\/\/vinasfm.com\/noticias\/wp-json\/wp\/v2\/posts\/88523\/revisions"}],"predecessor-version":[{"id":88536,"href":"https:\/\/vinasfm.com\/noticias\/wp-json\/wp\/v2\/posts\/88523\/revisions\/88536"}],"wp:featuredmedia":[{"embeddable":true,"href":"https:\/\/vinasfm.com\/noticias\/wp-json\/wp\/v2\/media\/88524"}],"wp:attachment":[{"href":"https:\/\/vinasfm.com\/noticias\/wp-json\/wp\/v2\/media?parent=88523"}],"wp:term":[{"taxonomy":"category","embeddable":true,"href":"https:\/\/vinasfm.com\/noticias\/wp-json\/wp\/v2\/categories?post=88523"},{"taxonomy":"post_tag","embeddable":true,"href":"https:\/\/vinasfm.com\/noticias\/wp-json\/wp\/v2\/tags?post=88523"}],"curies":[{"name":"wp","href":"https:\/\/api.w.org\/{rel}","templated":true}]}}