{"id":88517,"date":"2021-04-30T23:51:42","date_gmt":"2021-05-01T02:51:42","guid":{"rendered":"http:\/\/vinasfm.com\/noticias\/?p=88517"},"modified":"2021-05-02T22:36:36","modified_gmt":"2021-05-03T01:36:36","slug":"el-bloque-pj-solicito-que-las-clases-se-dicten-de-forma-virtual","status":"publish","type":"post","link":"https:\/\/vinasfm.com\/noticias\/el-bloque-pj-solicito-que-las-clases-se-dicten-de-forma-virtual\/","title":{"rendered":"EL BLOQUE PJ SOLICIT\u00d3 QUE LAS CLASES SE DICTEN DE FORMA VIRTUAL"},"content":{"rendered":"<h4><strong><span style=\"color: #000000;\">Hebe Katzer y Stella Montoya, representantes del Frente de Todos, replicaron una nota redactada por docentes, alumnos y padres con la intenci\u00f3n de un regreso a la educaci\u00f3n virtual.<\/span><\/strong><\/h4>\n<p><span style=\"color: #000000;\">En di\u00e1logo con <strong>F.M. VI\u00d1AS, Hebe Katzer<\/strong> habl\u00f3 sobre el petitorio para que la educaci\u00f3n vuelva a ser en forma remota. <em><strong>\u00abEsto es a ra\u00edz de una nota que nos lleg\u00f3 de los padres y alumnos de todas las modalidades, preocupados por la situaci\u00f3n que estamos viviendo, y m\u00e1s ahora con la nueva cepa en el departamento. Es un petitorio que ha llegado casi a 1500 firmas (1382), lo que expresa la preocupaci\u00f3n de la comunidad educativa\u00bb<\/strong><\/em>, explic\u00f3 la concejal.<\/span><\/p>\n<p><span style=\"color: #000000;\">Con difusi\u00f3n mediante redes sociales, y principalmente mediante whatsapp, la nota est\u00e1 siendo difundida para alcanzar las 1500 firmas y presentarlas en la Delegaci\u00f3n General de Escuelas. <em><strong>\u00abLa idea es hacer llegar esto a la Delegaci\u00f3n, para mostrar la preocupaci\u00f3n, porque en esta petici\u00f3n se puede escribir tambi\u00e9n, y hay muchos comentarios interesantes. La gente est\u00e1 con miedo, perocupada y no nos har\u00eda nada volver por un tiempo a la virtualidad porque los chicos est\u00e1n acostumbrados\u00bb<\/strong><\/em>, asegur\u00f3.<\/span><\/p>\n<p><span style=\"color: #000000;\">Por estos motivos es que han emitido la siguiente nota, dirigida al Director General de Escuelas de Mendoza, el Licenciado Jos\u00e9 Thomas:<\/span><\/p>\n<p><a href=\"https:\/\/www.change.org\/p\/director-general-de-escuelas-educaci%C3%B3n-presencial-en-el-peor-momento?utm_content=cl_sharecopy_28616502_es-AR%3A2&amp;recruiter=1198318674&amp;utm_source=share_petition&amp;utm_medium=copylink&amp;utm_campaign=share_petition\">https:\/\/www.change.org\/p\/director-general-de-escuelas-educaci%C3%B3n-presencial-en-el-peor-momento?utm_content=cl_sharecopy_28616502_es- AR%3A2&amp;recruiter=1198318674&amp;utm_source=share_petition&amp;utm_medium=copylink&amp;utm_campaign=share_petition<\/a><\/p>\n<h5>\u2022<strong>L.A.<\/strong><\/h5>\n","protected":false},"excerpt":{"rendered":"<p>Hebe Katzer y Stella Montoya, representantes del Frente de Todos, replicaron una nota redactada por docentes, alumnos y padres con la &#8230;<\/p>\n","protected":false},"author":7,"featured_media":76489,"comment_status":"open","ping_status":"open","sticky":false,"template":"","format":"standard","meta":{"footnotes":""},"categories":[5,7],"tags":[],"class_list":["post-88517","post","type-post","status-publish","format-standard","has-post-thumbnail","hentry","category-actualidad","category-politica"],"_links":{"self":[{"href":"https:\/\/vinasfm.com\/noticias\/wp-json\/wp\/v2\/posts\/88517","targetHints":{"allow":["GET"]}}],"collection":[{"href":"https:\/\/vinasfm.com\/noticias\/wp-json\/wp\/v2\/posts"}],"about":[{"href":"https:\/\/vinasfm.com\/noticias\/wp-json\/wp\/v2\/types\/post"}],"author":[{"embeddable":true,"href":"https:\/\/vinasfm.com\/noticias\/wp-json\/wp\/v2\/users\/7"}],"replies":[{"embeddable":true,"href":"https:\/\/vinasfm.com\/noticias\/wp-json\/wp\/v2\/comments?post=88517"}],"version-history":[{"count":3,"href":"https:\/\/vinasfm.com\/noticias\/wp-json\/wp\/v2\/posts\/88517\/revisions"}],"predecessor-version":[{"id":88521,"href":"https:\/\/vinasfm.com\/noticias\/wp-json\/wp\/v2\/posts\/88517\/revisions\/88521"}],"wp:featuredmedia":[{"embeddable":true,"href":"https:\/\/vinasfm.com\/noticias\/wp-json\/wp\/v2\/media\/76489"}],"wp:attachment":[{"href":"https:\/\/vinasfm.com\/noticias\/wp-json\/wp\/v2\/media?parent=88517"}],"wp:term":[{"taxonomy":"category","embeddable":true,"href":"https:\/\/vinasfm.com\/noticias\/wp-json\/wp\/v2\/categories?post=88517"},{"taxonomy":"post_tag","embeddable":true,"href":"https:\/\/vinasfm.com\/noticias\/wp-json\/wp\/v2\/tags?post=88517"}],"curies":[{"name":"wp","href":"https:\/\/api.w.org\/{rel}","templated":true}]}}