{"id":88497,"date":"2021-04-30T09:34:42","date_gmt":"2021-04-30T12:34:42","guid":{"rendered":"http:\/\/vinasfm.com\/noticias\/?p=88497"},"modified":"2021-04-30T13:07:36","modified_gmt":"2021-04-30T16:07:36","slug":"asi-estaran-las-temperaturas-el-fin-de-semana","status":"publish","type":"post","link":"https:\/\/vinasfm.com\/noticias\/asi-estaran-las-temperaturas-el-fin-de-semana\/","title":{"rendered":"AS\u00cd ESTAR\u00c1N LAS TEMPERATURAS EL FIN DE SEMANA"},"content":{"rendered":"<h4>Terminando el mes de abril y d\u00e1ndole la bienvenida a el mes de mayo los frentes fr\u00edos van llegando para quedarse, se esperan temperaturas con un leve descenso e inestabilidad.<\/h4>\n<p>Hoy <em><strong>viernes<\/strong><\/em>, el \u00faltimo d\u00eda del mes de abril se esperan temperatura con una <strong><em>m\u00ednima <\/em><\/strong>de <strong>12\u00ba<\/strong> y una <em><strong>m\u00e1xima<\/strong> <\/em>de <strong><em>24\u00ba<\/em><\/strong>, cielo parcialmente nublado con <strong><em>vientos moderados <\/em><\/strong>del <em><strong>noreste<\/strong><\/em>.<\/p>\n<p>Para <em><strong>ma\u00f1ana s\u00e1bado<\/strong><\/em>, primer d\u00eda del mes entrante el cielo estar\u00e1 algo nublado, con <strong><em>vientos moderados <\/em><\/strong>del noreste e inestabilidad en cordillera. Se espera una <em><strong>m\u00e1xima<\/strong> <\/em>de <em><strong>24\u00ba<\/strong> <\/em>y una <em><strong>m\u00ednima <\/strong><\/em>de <em><strong>12\u00ba <\/strong><\/em>para el d\u00eda de ma\u00f1ana.<\/p>\n<p>Cerrando este fin de semana, el <em><strong>domingo <\/strong><\/em>contin\u00faan estables las temperaturas, nubosidad y tiempo inestable por horas de la noche con vientos moderados del sudeste. Una temperatura <strong>m\u00ednima<\/strong> de <strong><em>12\u00ba<\/em> <\/strong>y una <strong><em>m\u00e1xima <\/em><\/strong>de <strong><em>21\u00ba<\/em><\/strong>.<\/p>\n<p>\u2022C.F.<\/p>\n<p>&nbsp;<\/p>\n","protected":false},"excerpt":{"rendered":"<p>Terminando el mes de abril y d\u00e1ndole la bienvenida a el mes de mayo los frentes fr\u00edos van llegando para quedarse, &#8230;<\/p>\n","protected":false},"author":7,"featured_media":43538,"comment_status":"open","ping_status":"open","sticky":false,"template":"","format":"standard","meta":{"footnotes":""},"categories":[71,17],"tags":[],"class_list":["post-88497","post","type-post","status-publish","format-standard","has-post-thumbnail","hentry","category-actividad-bancaria","category-clima"],"_links":{"self":[{"href":"https:\/\/vinasfm.com\/noticias\/wp-json\/wp\/v2\/posts\/88497","targetHints":{"allow":["GET"]}}],"collection":[{"href":"https:\/\/vinasfm.com\/noticias\/wp-json\/wp\/v2\/posts"}],"about":[{"href":"https:\/\/vinasfm.com\/noticias\/wp-json\/wp\/v2\/types\/post"}],"author":[{"embeddable":true,"href":"https:\/\/vinasfm.com\/noticias\/wp-json\/wp\/v2\/users\/7"}],"replies":[{"embeddable":true,"href":"https:\/\/vinasfm.com\/noticias\/wp-json\/wp\/v2\/comments?post=88497"}],"version-history":[{"count":1,"href":"https:\/\/vinasfm.com\/noticias\/wp-json\/wp\/v2\/posts\/88497\/revisions"}],"predecessor-version":[{"id":88500,"href":"https:\/\/vinasfm.com\/noticias\/wp-json\/wp\/v2\/posts\/88497\/revisions\/88500"}],"wp:featuredmedia":[{"embeddable":true,"href":"https:\/\/vinasfm.com\/noticias\/wp-json\/wp\/v2\/media\/43538"}],"wp:attachment":[{"href":"https:\/\/vinasfm.com\/noticias\/wp-json\/wp\/v2\/media?parent=88497"}],"wp:term":[{"taxonomy":"category","embeddable":true,"href":"https:\/\/vinasfm.com\/noticias\/wp-json\/wp\/v2\/categories?post=88497"},{"taxonomy":"post_tag","embeddable":true,"href":"https:\/\/vinasfm.com\/noticias\/wp-json\/wp\/v2\/tags?post=88497"}],"curies":[{"name":"wp","href":"https:\/\/api.w.org\/{rel}","templated":true}]}}