{"id":88362,"date":"2021-04-29T07:41:40","date_gmt":"2021-04-29T10:41:40","guid":{"rendered":"http:\/\/vinasfm.com\/noticias\/?p=88362"},"modified":"2021-04-29T11:12:16","modified_gmt":"2021-04-29T14:12:16","slug":"alvear-registro-dos-fallecimientos-por-covid-y-29-nuevos-contagios","status":"publish","type":"post","link":"https:\/\/vinasfm.com\/noticias\/alvear-registro-dos-fallecimientos-por-covid-y-29-nuevos-contagios\/","title":{"rendered":"ALVEAR REGISTR\u00d3 DOS FALLECIMIENTOS POR COVID Y 29 NUEVOS CONTAGIOS"},"content":{"rendered":"<h4><span style=\"color: #000000;\"><strong>General Alvear sum\u00f3 29 casos positivos en las ultimas 24 horas, lapso en el que se confirm\u00f3 la recuperaci\u00f3n de 17 pacientes y el fallecimiento de dos mujeres, de 55 y 58 a\u00f1os.<\/strong><\/span><\/h4>\n<p><span style=\"color: #000000;\">Al momento, el total de casos acumulados en el\u00a0<em><strong>Hospital Enfermeros Argentinos<\/strong><\/em>\u00a0es de\u00a0<strong>3.593<\/strong>\u00a0desde el comienzo de la pandemia de los cuales\u00a0<strong>983 transitan actualmente la enfermedad<\/strong>,\u00a0<strong>2.519 se han recuperado<\/strong>\u00a0y\u00a0<strong>93 pacientes perdieron la vida.<\/strong><\/span><\/p>\n<h4 style=\"text-align: center;\"><span style=\"color: #000000;\"><strong>INFORME REGI\u00d3N SUR<\/strong><\/span><\/h4>\n<p><span style=\"color: #000000;\">Este\u00a0<strong>mi\u00e9rcoles<\/strong>, entre los tres departamentos del Sur se realizaron<strong> 442 PCR<\/strong>\u00a0resultando\u00a0<strong>201 muestras positivas<\/strong>\u00a0para Covid-19 y\u00a0<strong>241 negativas<\/strong>.<\/span><\/p>\n<ul>\n<li><span style=\"color: #000000;\"><strong>GENERAL ALVEAR: 29 casos positivos.<\/strong><\/span><\/li>\n<li><span style=\"color: #000000;\"><strong>SAN RAFAEL: 162 casos positivos.<\/strong><\/span><\/li>\n<li><span style=\"color: #000000;\"><strong>MALARG\u00dcE: 10 casos positivos.<\/strong><\/span><\/li>\n<\/ul>\n<p><span style=\"color: #000000;\">Con estas cifras, San Rafael, General Alvear y Malarg\u00fce cuentan con\u00a0<strong>13.766 casos acumulados<\/strong>\u00a0desde el inicio de la pandemia de los cuales\u00a0<strong>9.639 se han recuperado<\/strong>\u00a0y\u00a0<strong>264 han fallecido<\/strong>.<\/span><\/p>\n<p><span style=\"color: #000000;\">\u2022<strong>L.A.<\/strong><\/span><\/p>\n","protected":false},"excerpt":{"rendered":"<p>General Alvear sum\u00f3 29 casos positivos en las ultimas 24 horas, lapso en el que se confirm\u00f3 la recuperaci\u00f3n de 17 &#8230;<\/p>\n","protected":false},"author":7,"featured_media":70682,"comment_status":"open","ping_status":"open","sticky":false,"template":"","format":"standard","meta":{"footnotes":""},"categories":[5,62],"tags":[],"class_list":["post-88362","post","type-post","status-publish","format-standard","has-post-thumbnail","hentry","category-actualidad","category-coronavirus"],"_links":{"self":[{"href":"https:\/\/vinasfm.com\/noticias\/wp-json\/wp\/v2\/posts\/88362","targetHints":{"allow":["GET"]}}],"collection":[{"href":"https:\/\/vinasfm.com\/noticias\/wp-json\/wp\/v2\/posts"}],"about":[{"href":"https:\/\/vinasfm.com\/noticias\/wp-json\/wp\/v2\/types\/post"}],"author":[{"embeddable":true,"href":"https:\/\/vinasfm.com\/noticias\/wp-json\/wp\/v2\/users\/7"}],"replies":[{"embeddable":true,"href":"https:\/\/vinasfm.com\/noticias\/wp-json\/wp\/v2\/comments?post=88362"}],"version-history":[{"count":1,"href":"https:\/\/vinasfm.com\/noticias\/wp-json\/wp\/v2\/posts\/88362\/revisions"}],"predecessor-version":[{"id":88363,"href":"https:\/\/vinasfm.com\/noticias\/wp-json\/wp\/v2\/posts\/88362\/revisions\/88363"}],"wp:featuredmedia":[{"embeddable":true,"href":"https:\/\/vinasfm.com\/noticias\/wp-json\/wp\/v2\/media\/70682"}],"wp:attachment":[{"href":"https:\/\/vinasfm.com\/noticias\/wp-json\/wp\/v2\/media?parent=88362"}],"wp:term":[{"taxonomy":"category","embeddable":true,"href":"https:\/\/vinasfm.com\/noticias\/wp-json\/wp\/v2\/categories?post=88362"},{"taxonomy":"post_tag","embeddable":true,"href":"https:\/\/vinasfm.com\/noticias\/wp-json\/wp\/v2\/tags?post=88362"}],"curies":[{"name":"wp","href":"https:\/\/api.w.org\/{rel}","templated":true}]}}