{"id":88297,"date":"2021-04-28T10:25:35","date_gmt":"2021-04-28T13:25:35","guid":{"rendered":"http:\/\/vinasfm.com\/noticias\/?p=88297"},"modified":"2021-04-28T12:34:35","modified_gmt":"2021-04-28T15:34:35","slug":"tiempo-se-vienen-jornadas-con-agradables-temperaturas","status":"publish","type":"post","link":"https:\/\/vinasfm.com\/noticias\/tiempo-se-vienen-jornadas-con-agradables-temperaturas\/","title":{"rendered":"TIEMPO: SE VIENEN JORNADAS CON AGRADABLES TEMPERATURAS"},"content":{"rendered":"<h4><span style=\"color: #000000;\"><strong>Llegando la mitad de la semana\u00a0 las temperaturas se mantienen y m\u00e1s cerca del fin de semana se ve un peque\u00f1o descenso de la temperatura con vientos moderados.<\/strong><\/span><\/h4>\n<p><span style=\"color: #000000;\">Para hoy mi\u00e9rcoles las temperaturas se mantendr\u00e1n estables, con <em><strong>vientos <\/strong><strong>leves <\/strong><strong>del <\/strong><strong>noreste<\/strong><\/em>. Una <em><strong>m\u00e1xima <\/strong><\/em>de <strong><em>25\u00ba<\/em> <\/strong>y una <em><strong>m\u00ednima <\/strong><\/em>de <strong><em>11\u00ba<\/em><\/strong>.<\/span><\/p>\n<p><span style=\"color: #000000;\">El d\u00eda <em><strong>jueves <\/strong><\/em>se espera poco cambio de la temperatura, con una <em><strong>m\u00e1xima <\/strong><\/em>de <strong><em>25\u00ba <\/em><\/strong>y una <em><strong>m\u00ednima <\/strong><\/em>de <strong><em>12\u00ba<\/em><\/strong>, con <strong><em>vientos moderados <\/em><\/strong>del <strong>noreste<\/strong>.<\/span><\/p>\n<p><span style=\"color: #000000;\">M\u00e1s cerca del fin de semana para el d\u00eda <em><strong>viernes<\/strong><\/em>, se espero cielo algo nublado con poco cambio de la temperatura, <em><strong>vientos<\/strong> <strong>moderados <\/strong><\/em>del <strong><em>noreste<\/em><\/strong>. Se espera una <strong><em>m\u00ednima <\/em><\/strong>de <em><strong>24\u00ba <\/strong><\/em>y una <strong>m\u00e1xima<\/strong> de <strong><em>12\u00ba<\/em><\/strong>.<\/span><\/p>\n<p><span style=\"color: #000000;\">El d\u00eda s\u00e1bado habr\u00e1 nubosidad variable con inestabilidad por horas de la noche. Se espera una m\u00e1xima de 23\u00ba y una m\u00ednima de 11\u00ba<\/span><\/p>\n<p><span style=\"color: #000000;\">Para cerrar el fin de semana se espera nubosidad variable con precipitaciones aisladas por la noche. Se espera un leve descenso de la temperatura con una m\u00ednima de 12\u00ba y una m\u00e1xima de 21\u00ba.<\/span><\/p>\n<p><span style=\"color: #000000;\">\u2022C.F.<\/span><\/p>\n","protected":false},"excerpt":{"rendered":"<p>Llegando la mitad de la semana\u00a0 las temperaturas se mantienen y m\u00e1s cerca del fin de semana se ve un peque\u00f1o &#8230;<\/p>\n","protected":false},"author":7,"featured_media":76175,"comment_status":"open","ping_status":"open","sticky":false,"template":"","format":"standard","meta":{"footnotes":""},"categories":[5,17],"tags":[],"class_list":["post-88297","post","type-post","status-publish","format-standard","has-post-thumbnail","hentry","category-actualidad","category-clima"],"_links":{"self":[{"href":"https:\/\/vinasfm.com\/noticias\/wp-json\/wp\/v2\/posts\/88297","targetHints":{"allow":["GET"]}}],"collection":[{"href":"https:\/\/vinasfm.com\/noticias\/wp-json\/wp\/v2\/posts"}],"about":[{"href":"https:\/\/vinasfm.com\/noticias\/wp-json\/wp\/v2\/types\/post"}],"author":[{"embeddable":true,"href":"https:\/\/vinasfm.com\/noticias\/wp-json\/wp\/v2\/users\/7"}],"replies":[{"embeddable":true,"href":"https:\/\/vinasfm.com\/noticias\/wp-json\/wp\/v2\/comments?post=88297"}],"version-history":[{"count":3,"href":"https:\/\/vinasfm.com\/noticias\/wp-json\/wp\/v2\/posts\/88297\/revisions"}],"predecessor-version":[{"id":88328,"href":"https:\/\/vinasfm.com\/noticias\/wp-json\/wp\/v2\/posts\/88297\/revisions\/88328"}],"wp:featuredmedia":[{"embeddable":true,"href":"https:\/\/vinasfm.com\/noticias\/wp-json\/wp\/v2\/media\/76175"}],"wp:attachment":[{"href":"https:\/\/vinasfm.com\/noticias\/wp-json\/wp\/v2\/media?parent=88297"}],"wp:term":[{"taxonomy":"category","embeddable":true,"href":"https:\/\/vinasfm.com\/noticias\/wp-json\/wp\/v2\/categories?post=88297"},{"taxonomy":"post_tag","embeddable":true,"href":"https:\/\/vinasfm.com\/noticias\/wp-json\/wp\/v2\/tags?post=88297"}],"curies":[{"name":"wp","href":"https:\/\/api.w.org\/{rel}","templated":true}]}}