{"id":88269,"date":"2021-04-28T08:55:55","date_gmt":"2021-04-28T11:55:55","guid":{"rendered":"http:\/\/vinasfm.com\/noticias\/?p=88269"},"modified":"2021-04-28T20:59:04","modified_gmt":"2021-04-28T23:59:04","slug":"notificaran-a-los-comercios-de-ciudad-y-distritos-sobre-las-nuevas-disposiciones-y-restricciones-horarias","status":"publish","type":"post","link":"https:\/\/vinasfm.com\/noticias\/notificaran-a-los-comercios-de-ciudad-y-distritos-sobre-las-nuevas-disposiciones-y-restricciones-horarias\/","title":{"rendered":"NOTIFICAR\u00c1N A LOS COMERCIOS DE CIUDAD Y DISTRITOS SOBRE LAS NUEVAS DISPOSICIONES Y RESTRICCIONES HORARIAS"},"content":{"rendered":"<h4><span style=\"color: #000000;\"><strong>Luego que el Intendente Municipal anunciara las medidas preventivas adoptadas en Alvear- con vigencia hasta el 18 de mayo- para mitigar el crecimiento de contagios, desde la Direcci\u00f3n de Inspecci\u00f3n General ampliaron algunos puntos del Decreto 489 que establece restricciones horarias para la atenci\u00f3n comercial.<\/strong><\/span><\/h4>\n<div id=\"attachment_85575\" style=\"width: 302px\" class=\"wp-caption alignleft\"><a style=\"color: #000000;\" href=\"http:\/\/vinasfm.com\/noticias\/wp-content\/uploads\/2021\/03\/Marcela-Juri.jpg\"><img loading=\"lazy\" decoding=\"async\" aria-describedby=\"caption-attachment-85575\" class=\" wp-image-85575\" src=\"http:\/\/vinasfm.com\/noticias\/wp-content\/uploads\/2021\/03\/Marcela-Juri-1024x682.jpg\" alt=\"\" width=\"302\" height=\"201\" srcset=\"https:\/\/vinasfm.com\/noticias\/wp-content\/uploads\/2021\/03\/Marcela-Juri-1024x682.jpg 1024w, https:\/\/vinasfm.com\/noticias\/wp-content\/uploads\/2021\/03\/Marcela-Juri-300x200.jpg 300w, https:\/\/vinasfm.com\/noticias\/wp-content\/uploads\/2021\/03\/Marcela-Juri-768x512.jpg 768w, https:\/\/vinasfm.com\/noticias\/wp-content\/uploads\/2021\/03\/Marcela-Juri.jpg 1280w\" sizes=\"auto, (max-width: 302px) 100vw, 302px\" \/><\/a><p id=\"caption-attachment-85575\" class=\"wp-caption-text\"><span style=\"color: #000000;\">Marcela Juri, Directora de Inspecci\u00f3n General.<\/span><\/p><\/div>\n<p><span style=\"color: #000000;\">Con el fin de saldar diversas dudas surgidas sobre la nueva reglamentaci\u00f3n, <strong>F.M. Vi\u00f1as<\/strong> dialog\u00f3 con la <strong>Directora de Inspecci\u00f3n Dra. Marcela Juri\u00a0<\/strong>quien destac\u00f3 que desde este martes se comenz\u00f3 a notificar a los comercios de diferentes rubros sobre la aplicaci\u00f3n de la normativa: &#8216;<strong><em>Hemos empezado a informarle a cada comerciante sobre los puntos que deben respetar principalmente los horarios de cierre de acuerdo al rubro y tambi\u00e9n recordar el factor ocupacional al que deben adecuarse, que previamente fue notificado<\/em><\/strong>&#8216;, se\u00f1al\u00f3.<\/span><\/p>\n<p><span style=\"color: #000000;\">Los <strong>agentes de Inspecci\u00f3n General, Polic\u00eda de Mendoza y Polic\u00eda Municipal<\/strong> ser\u00e1n los encargados de monitorear el cumplimiento de la medida en los diferentes locales: &#8216;<strong><em>En el caso que un comercio no respete lo que reglamenta el decreto se le realizar\u00e1 un Acta con la correspondiente sanci\u00f3n econ\u00f3mica que va desde los $10.000 a los $50.000<\/em><\/strong>&#8216;, especific\u00f3 la funcionaria.<\/span><\/p>\n<p><span style=\"color: #000000;\">En cuanto a los <strong>locales gastron\u00f3micos<\/strong> aclar\u00f3 que <strong>el horario de cierre es a las 23:00 hs.<\/strong> para que en el espacio de media hora puedan desocupar y regresar a sus hogares <strong>respetando la alerta sanitaria que se extiende de 23:30 hs. a 05:30 hs<\/strong>.<\/span><\/p>\n<p><span style=\"color: #000000;\">Ver tambien:<a href=\"http:\/\/vinasfm.com\/noticias\/el-intendente-marcolini-anuncio-nuevas-medidas-para-bajar-el-nivel-de-contagios-en-alvear\/\"> http:\/\/vinasfm.com\/noticias\/el-intendente-marcolini-anuncio-nuevas-medidas-para-bajar-el-nivel-de-contagios-en-alvear\/<\/a><\/span><\/p>\n<p><span style=\"color: #000000;\">Al ser consultada sobre <strong>la categorizaci\u00f3n que en la que se encuadran los comercios<\/strong> ubicados <strong>en los distritos<\/strong> para determinar si deben cerrar a las 19:30 hs. o a las 21:00 hs., Juri indic\u00f3: &#8216;<strong><em>El Decreto incluye a los mercados y comercios de los distritos. Se va a notificar a cada comercio distrital donde se les indicar\u00e1 hasta qu\u00e9 horario deben atender de acuerdo a la ubicaci\u00f3n que tengan<\/em><\/strong>&#8216;, y en la misma l\u00ednea subray\u00f3: &#8216;<strong><em>Queremos que cada comerciante tome conciencia y trate de respetar los horarios no solo para evitar una sanci\u00f3n sino para frenar el crecimiento e contagios en el departamento<\/em><\/strong>&#8216;.<\/span><\/p>\n<p><span style=\"color: #000000;\">Finalmente reafirm\u00f3 que <strong>contin\u00faa en vigencia la aplicaci\u00f3n del Art. 205 del C\u00f3digo Penal para sancionar a quienes violen las restricciones<\/strong> ya que de esa forma alientan la propagaci\u00f3n del virus. El articulo se\u00f1ala:\u00a0 &#8216;<strong>Ser\u00e1 reprimido con prisi\u00f3n de seis meses a dos a\u00f1os, el que violare las medidas adoptadas por las autoridades competentes, para impedir la introducci\u00f3n o propagaci\u00f3n de una epidemia<\/strong>&#8216;.<\/span><\/p>\n<h5><span style=\"color: #000000;\">\u2022F.B. (F.M. Vi\u00f1as).<\/span><\/h5>\n","protected":false},"excerpt":{"rendered":"<p>Luego que el Intendente Municipal anunciara las medidas preventivas adoptadas en Alvear- con vigencia hasta el 18 de mayo- para mitigar &#8230;<\/p>\n","protected":false},"author":8,"featured_media":68062,"comment_status":"open","ping_status":"open","sticky":false,"template":"","format":"standard","meta":{"footnotes":""},"categories":[5,10],"tags":[],"class_list":["post-88269","post","type-post","status-publish","format-standard","has-post-thumbnail","hentry","category-actualidad","category-destacadas"],"_links":{"self":[{"href":"https:\/\/vinasfm.com\/noticias\/wp-json\/wp\/v2\/posts\/88269","targetHints":{"allow":["GET"]}}],"collection":[{"href":"https:\/\/vinasfm.com\/noticias\/wp-json\/wp\/v2\/posts"}],"about":[{"href":"https:\/\/vinasfm.com\/noticias\/wp-json\/wp\/v2\/types\/post"}],"author":[{"embeddable":true,"href":"https:\/\/vinasfm.com\/noticias\/wp-json\/wp\/v2\/users\/8"}],"replies":[{"embeddable":true,"href":"https:\/\/vinasfm.com\/noticias\/wp-json\/wp\/v2\/comments?post=88269"}],"version-history":[{"count":4,"href":"https:\/\/vinasfm.com\/noticias\/wp-json\/wp\/v2\/posts\/88269\/revisions"}],"predecessor-version":[{"id":88278,"href":"https:\/\/vinasfm.com\/noticias\/wp-json\/wp\/v2\/posts\/88269\/revisions\/88278"}],"wp:featuredmedia":[{"embeddable":true,"href":"https:\/\/vinasfm.com\/noticias\/wp-json\/wp\/v2\/media\/68062"}],"wp:attachment":[{"href":"https:\/\/vinasfm.com\/noticias\/wp-json\/wp\/v2\/media?parent=88269"}],"wp:term":[{"taxonomy":"category","embeddable":true,"href":"https:\/\/vinasfm.com\/noticias\/wp-json\/wp\/v2\/categories?post=88269"},{"taxonomy":"post_tag","embeddable":true,"href":"https:\/\/vinasfm.com\/noticias\/wp-json\/wp\/v2\/tags?post=88269"}],"curies":[{"name":"wp","href":"https:\/\/api.w.org\/{rel}","templated":true}]}}