{"id":88199,"date":"2021-04-27T10:00:09","date_gmt":"2021-04-27T13:00:09","guid":{"rendered":"http:\/\/vinasfm.com\/noticias\/?p=88199"},"modified":"2021-04-28T08:55:55","modified_gmt":"2021-04-28T11:55:55","slug":"el-posible-motivo-que-desencadeno-el-estallido-de-contagios-en-alvear","status":"publish","type":"post","link":"https:\/\/vinasfm.com\/noticias\/el-posible-motivo-que-desencadeno-el-estallido-de-contagios-en-alvear\/","title":{"rendered":"EL POSIBLE MOTIVO QUE DESENCADEN\u00d3 EL ESTALLIDO DE CONTAGIOS EN ALVEAR"},"content":{"rendered":"<h4><span style=\"color: #000000;\"><strong>General Alvear fue uno de los\u00a0departamentos de Mendoza, junto con La Paz, en el que m\u00e1s se demor\u00f3 la aparici\u00f3n del primer casos de\u00a0coronavirus\u00a0y la situaci\u00f3n sanitaria estuvo\u00a0controlada\u00a0hasta no hace mucho tiempo. Sin embargo, desde el 1 de abril,\u00a0el panorama se descontrol\u00f3.<\/strong><\/span><\/h4>\n<p><span style=\"color: #000000;\">De tener en promedio\u00a0<b>3 casos por d\u00eda en marzo,<\/b>\u00a0en el mes actual llegaron a registrarse<b>\u00a0m\u00e1s de 80 contagios<\/b> en el departamento, generando que la ocupaci\u00f3n en el hospital regional Enfermeros Argentinos est\u00e9 cerca del 100 por ciento y que haya muertes a diario.<\/span><\/p>\n<p><span style=\"color: #000000;\">Sobre el desencadenante, <strong>hay consenso en General Alvear de que la situaci\u00f3n empeor\u00f3 dr\u00e1sticamente a partir de la llegada de un contingente que regres\u00f3 de Mar del Plata con decenas de personas que hab\u00edan contra\u00eddo covid-19, algunas de las cuales fallecieron<\/strong>.<\/span><\/p>\n<p><span style=\"color: #000000;\">De all\u00ed surgi\u00f3 uno de los casos m\u00e1s dolorosos en el sur: dentro de la delegaci\u00f3n que viaj\u00f3 antes de Semana Santa a Mar del Plata estaba Raquel Dalseco, quien regres\u00f3 al departamento con el virus y falleci\u00f3. Asimismo, se contagi\u00f3 su hija, Eliana, quien con 38 a\u00f1os y embarazada tambi\u00e9n muri\u00f3.<\/span><\/p>\n<p><span style=\"color: #000000;\">El contingente se traslad\u00f3 en dos colectivos de la empresa <strong>La Uni\u00f3n S.R.L.<\/strong>, cuyos empleados que realizaron el viaje tambi\u00e9n contrajeron el virus. Posteriormente, <strong>se contagi\u00f3 uno de los administrativos de la firma<\/strong>, Francisco Franco, quien falleci\u00f3 por covid-19.<\/span><\/p>\n<h5><span style=\"color: #000000;\">Fuente: Mendoza Post.<\/span><\/h5>\n","protected":false},"excerpt":{"rendered":"<p>General Alvear fue uno de los\u00a0departamentos de Mendoza, junto con La Paz, en el que m\u00e1s se demor\u00f3 la aparici\u00f3n del &#8230;<\/p>\n","protected":false},"author":8,"featured_media":74478,"comment_status":"open","ping_status":"open","sticky":false,"template":"","format":"standard","meta":{"footnotes":""},"categories":[5,15],"tags":[],"class_list":["post-88199","post","type-post","status-publish","format-standard","has-post-thumbnail","hentry","category-actualidad","category-salud"],"_links":{"self":[{"href":"https:\/\/vinasfm.com\/noticias\/wp-json\/wp\/v2\/posts\/88199","targetHints":{"allow":["GET"]}}],"collection":[{"href":"https:\/\/vinasfm.com\/noticias\/wp-json\/wp\/v2\/posts"}],"about":[{"href":"https:\/\/vinasfm.com\/noticias\/wp-json\/wp\/v2\/types\/post"}],"author":[{"embeddable":true,"href":"https:\/\/vinasfm.com\/noticias\/wp-json\/wp\/v2\/users\/8"}],"replies":[{"embeddable":true,"href":"https:\/\/vinasfm.com\/noticias\/wp-json\/wp\/v2\/comments?post=88199"}],"version-history":[{"count":1,"href":"https:\/\/vinasfm.com\/noticias\/wp-json\/wp\/v2\/posts\/88199\/revisions"}],"predecessor-version":[{"id":88200,"href":"https:\/\/vinasfm.com\/noticias\/wp-json\/wp\/v2\/posts\/88199\/revisions\/88200"}],"wp:featuredmedia":[{"embeddable":true,"href":"https:\/\/vinasfm.com\/noticias\/wp-json\/wp\/v2\/media\/74478"}],"wp:attachment":[{"href":"https:\/\/vinasfm.com\/noticias\/wp-json\/wp\/v2\/media?parent=88199"}],"wp:term":[{"taxonomy":"category","embeddable":true,"href":"https:\/\/vinasfm.com\/noticias\/wp-json\/wp\/v2\/categories?post=88199"},{"taxonomy":"post_tag","embeddable":true,"href":"https:\/\/vinasfm.com\/noticias\/wp-json\/wp\/v2\/tags?post=88199"}],"curies":[{"name":"wp","href":"https:\/\/api.w.org\/{rel}","templated":true}]}}