{"id":88181,"date":"2021-04-27T08:30:34","date_gmt":"2021-04-27T11:30:34","guid":{"rendered":"http:\/\/vinasfm.com\/noticias\/?p=88181"},"modified":"2021-04-28T09:14:11","modified_gmt":"2021-04-28T12:14:11","slug":"la-justicia-investiga-la-estafa-por-la-que-hay-tres-detenidos-podrian-ser-trasladados-a-la-penitenciaria-de-san-rafael","status":"publish","type":"post","link":"https:\/\/vinasfm.com\/noticias\/la-justicia-investiga-la-estafa-por-la-que-hay-tres-detenidos-podrian-ser-trasladados-a-la-penitenciaria-de-san-rafael\/","title":{"rendered":"LA JUSTICIA INVESTIGA LA ESTAFA POR LA QUE HAY TRES DETENIDOS: PODR\u00cdAN SER TRASLADADOS A LA PENITENCIAR\u00cdA DE SAN RAFAEL"},"content":{"rendered":"<h4><span style=\"color: #000000;\"><b>El pasado viernes tres hombres, mayores de edad, acusados de ser autores materiales de una estafa telef\u00f3nica que tuvo como v\u00edctima a una mujer de 82 a\u00f1os fueron detenidos gracias a una medida de allanamiento autorizada por la Justicia local, que contin\u00faa la investigaci\u00f3n para determinar si son culpables o no.\u00a0<\/b><\/span><\/h4>\n<div id=\"attachment_88183\" style=\"width: 369px\" class=\"wp-caption alignleft\"><a style=\"color: #000000;\" href=\"http:\/\/vinasfm.com\/noticias\/wp-content\/uploads\/2021\/04\/IMG_20210424_014842-1140x641-1.jpg\"><img loading=\"lazy\" decoding=\"async\" aria-describedby=\"caption-attachment-88183\" class=\"wp-image-88183\" src=\"http:\/\/vinasfm.com\/noticias\/wp-content\/uploads\/2021\/04\/IMG_20210424_014842-1140x641-1-1024x576.jpg\" alt=\"\" width=\"369\" height=\"208\" srcset=\"https:\/\/vinasfm.com\/noticias\/wp-content\/uploads\/2021\/04\/IMG_20210424_014842-1140x641-1-1024x576.jpg 1024w, https:\/\/vinasfm.com\/noticias\/wp-content\/uploads\/2021\/04\/IMG_20210424_014842-1140x641-1-300x169.jpg 300w, https:\/\/vinasfm.com\/noticias\/wp-content\/uploads\/2021\/04\/IMG_20210424_014842-1140x641-1-768x432.jpg 768w, https:\/\/vinasfm.com\/noticias\/wp-content\/uploads\/2021\/04\/IMG_20210424_014842-1140x641-1-750x420.jpg 750w, https:\/\/vinasfm.com\/noticias\/wp-content\/uploads\/2021\/04\/IMG_20210424_014842-1140x641-1.jpg 1140w\" sizes=\"auto, (max-width: 369px) 100vw, 369px\" \/><\/a><p id=\"caption-attachment-88183\" class=\"wp-caption-text\"><span style=\"color: #000000;\">Dinero secuestrado en el procedimiento policial.<\/span><\/p><\/div>\n<p><span style=\"color: #000000;\">Se trata de <strong>dos personas de 30 a\u00f1os y uno de 26 a\u00f1os<\/strong>, pertenecientes a la etnia gitana, que residen en un domicilio de calle Artola quienes seg\u00fan las primeras pistas son los estafadores que <strong>le sustrajeron $10.000 y US$ 5.000 mediante el &#8216;cuento del t\u00edo&#8217;<\/strong> el jueves pr\u00f3ximo pasado.<\/span><\/p>\n<p><span style=\"color: #000000;\">La v\u00edctima es<strong><em> Rosa, <\/em><\/strong>quien\u00a0recibi\u00f3 la llamada de una\u00a0<strong>supuesta sobrina quien la convenci\u00f3 de cambiar los billetes<\/strong>\u00a0ante una \u2018<em>inminente devaluaci\u00f3n\u2019<\/em>. Los estafadores lograron su cometido y la v\u00edctima les entreg\u00f3 la importante cifra de dinero en efectivo.<\/span><\/p>\n<p><span style=\"color: #000000;\">Las pistas arrojaron que los sospechosos y el bot\u00edn ser\u00edan encontrados en una\u00a0<strong>vivienda de calle Artola<\/strong>\u00a0<strong>de Ciudad<\/strong>\u00a0por lo que hasta el lugar\u00a0<strong>se moviliz\u00f3 personal de Investigaciones y Cuerpos Especiales<\/strong>. En la intervenci\u00f3n del domicilio los uniformados <strong>secuestraron $100.000, 120 d\u00f3lares, 5 celulares<\/strong>\u00a0e\u00a0<strong>incautaron un VW Polo<\/strong>, movilidad de los aprehendidos.<\/span><\/p>\n<p><span style=\"color: #000000;\">El <strong>Sub Comisario Jos\u00e9 L\u00f3pez<\/strong> fue consultado por <strong>F.M. VI\u00d1AS<\/strong> respecto a la situaci\u00f3n judicial de los aprehendidos: &#8216;<strong><em>Contin\u00faan alojado en la sede policial a la espera de las pericias que solicit\u00f3 la Justicia para determinar si son culpables o no del hecho que se investiga para definir si son trasladados a la Penitenciar\u00eda de San Rafael. Adem\u00e1s tendr\u00edan antecedentes por haber cometido este tipo de delitos<\/em><\/strong>&#8216;.<\/span><\/p>\n<h5><span style=\"color: #000000;\">\u2022F.B. (F.M. Vi\u00f1as).<\/span><\/h5>\n","protected":false},"excerpt":{"rendered":"<p>El pasado viernes tres hombres, mayores de edad, acusados de ser autores materiales de una estafa telef\u00f3nica que tuvo como v\u00edctima &#8230;<\/p>\n","protected":false},"author":8,"featured_media":63435,"comment_status":"open","ping_status":"open","sticky":false,"template":"","format":"standard","meta":{"footnotes":""},"categories":[5,22],"tags":[],"class_list":["post-88181","post","type-post","status-publish","format-standard","has-post-thumbnail","hentry","category-actualidad","category-justicia"],"_links":{"self":[{"href":"https:\/\/vinasfm.com\/noticias\/wp-json\/wp\/v2\/posts\/88181","targetHints":{"allow":["GET"]}}],"collection":[{"href":"https:\/\/vinasfm.com\/noticias\/wp-json\/wp\/v2\/posts"}],"about":[{"href":"https:\/\/vinasfm.com\/noticias\/wp-json\/wp\/v2\/types\/post"}],"author":[{"embeddable":true,"href":"https:\/\/vinasfm.com\/noticias\/wp-json\/wp\/v2\/users\/8"}],"replies":[{"embeddable":true,"href":"https:\/\/vinasfm.com\/noticias\/wp-json\/wp\/v2\/comments?post=88181"}],"version-history":[{"count":6,"href":"https:\/\/vinasfm.com\/noticias\/wp-json\/wp\/v2\/posts\/88181\/revisions"}],"predecessor-version":[{"id":88309,"href":"https:\/\/vinasfm.com\/noticias\/wp-json\/wp\/v2\/posts\/88181\/revisions\/88309"}],"wp:featuredmedia":[{"embeddable":true,"href":"https:\/\/vinasfm.com\/noticias\/wp-json\/wp\/v2\/media\/63435"}],"wp:attachment":[{"href":"https:\/\/vinasfm.com\/noticias\/wp-json\/wp\/v2\/media?parent=88181"}],"wp:term":[{"taxonomy":"category","embeddable":true,"href":"https:\/\/vinasfm.com\/noticias\/wp-json\/wp\/v2\/categories?post=88181"},{"taxonomy":"post_tag","embeddable":true,"href":"https:\/\/vinasfm.com\/noticias\/wp-json\/wp\/v2\/tags?post=88181"}],"curies":[{"name":"wp","href":"https:\/\/api.w.org\/{rel}","templated":true}]}}