{"id":88171,"date":"2021-04-27T11:00:24","date_gmt":"2021-04-27T14:00:24","guid":{"rendered":"http:\/\/vinasfm.com\/noticias\/?p=88171"},"modified":"2021-04-28T08:58:44","modified_gmt":"2021-04-28T11:58:44","slug":"servicios-publicos-continua-con-los-programas-de-desinfeccion-de-espacios-publicos-y-recoleccion-de-hojas","status":"publish","type":"post","link":"https:\/\/vinasfm.com\/noticias\/servicios-publicos-continua-con-los-programas-de-desinfeccion-de-espacios-publicos-y-recoleccion-de-hojas\/","title":{"rendered":"SERVICIOS P\u00daBLICOS CONTIN\u00daA CON LOS PROGRAMAS DE DESINFECCI\u00d3N DE ESPACIOS P\u00daBLICOS Y RECOLECCI\u00d3N DE HOJAS"},"content":{"rendered":"<h4><span style=\"color: #000000;\"><strong>La Direcci\u00f3n de Servicios P\u00fablicos trabaja simult\u00e1neamente en distintas tareas y de forma coordinada con otras \u00e1reas de la Municipalidad. Pablo Reyes detall\u00f3 que contin\u00faa la campa\u00f1a de recolecci\u00f3n de hojas y desinfecci\u00f3n de espacios p\u00fablicos.<\/strong><\/span><\/h4>\n<div id=\"attachment_85573\" style=\"width: 295px\" class=\"wp-caption alignleft\"><a style=\"color: #000000;\" href=\"http:\/\/vinasfm.com\/noticias\/wp-content\/uploads\/2021\/03\/Pablo-Reyes.jpg\"><img loading=\"lazy\" decoding=\"async\" aria-describedby=\"caption-attachment-85573\" class=\"wp-image-85573\" src=\"http:\/\/vinasfm.com\/noticias\/wp-content\/uploads\/2021\/03\/Pablo-Reyes-1024x682.jpg\" alt=\"\" width=\"295\" height=\"196\" srcset=\"https:\/\/vinasfm.com\/noticias\/wp-content\/uploads\/2021\/03\/Pablo-Reyes-1024x682.jpg 1024w, https:\/\/vinasfm.com\/noticias\/wp-content\/uploads\/2021\/03\/Pablo-Reyes-300x200.jpg 300w, https:\/\/vinasfm.com\/noticias\/wp-content\/uploads\/2021\/03\/Pablo-Reyes-768x512.jpg 768w, https:\/\/vinasfm.com\/noticias\/wp-content\/uploads\/2021\/03\/Pablo-Reyes.jpg 1280w\" sizes=\"auto, (max-width: 295px) 100vw, 295px\" \/><\/a><p id=\"caption-attachment-85573\" class=\"wp-caption-text\"><span style=\"color: #000000;\">Pablo Reyes, Director de Servicios P\u00fablicos.<\/span><\/p><\/div>\n<p><span style=\"color: #000000;\">En dialogo con <strong>F.M. Vi\u00f1as<\/strong> el <strong>Director de Servicios P\u00fablicos <\/strong>se\u00f1al\u00f3 que el programa de recolecci\u00f3n de hojas en medio de la estaci\u00f3n que transitamos: <strong><em>&#8216;Este a\u00f1o se decidi\u00f3 darle continuidad a esta campa\u00f1a entregando cada semana 5 bolsas por vecino. Deben ir de lunes a viernes entre las 8h y 19h en el Informador Tur\u00edstico del Km 0. El amplio espacio horario de atenci\u00f3n es para evitar aglomeraci\u00f3n de gente&#8217;, <\/em><\/strong>y en la misma l\u00ednea subray\u00f3: <strong><em>&#8216;Esta entrega es gratuita y el vecino solo deber\u00e1 indicar algunos datos<\/em><\/strong>&#8216;.<\/span><\/p>\n<p><span style=\"color: #000000;\">Destac\u00f3 que ya <strong>hay cuadrillas municipales destinadas a recolectar hojas en distintos puntos de la Ciudad<\/strong>. Asimismo consider\u00f3 fundamental que los vecinos puedan respetar los horarios de recolecci\u00f3n de residuos para colaborar con los agentes municipales encargados de ese servicio: &#8216;<strong><em>Los residuos Tipo A (Org\u00e1nicos) se recogen de lunes a viernes a partir de las 14h variando de acuerdo a los sectores mientras que los Tipo B (Inorg\u00e1nicos) de lunes a viernes en horarios matutinos y en primeras horas de la tarde<\/em><\/strong>&#8216;, se\u00f1al\u00f3 Reyes.<\/span><\/p>\n<p><span style=\"color: #000000;\">Al ser consultado sobre la desinfecci\u00f3n de espacios p\u00fablicos en Ciudad y Distritos, el funcionario asegur\u00f3: &#8216;<strong><em>El fin de semana hemos estado desinfectando en varios lugares concurridos y continuaremos a partir de este lunes en bancos, cajeros, terminal y otros espacios c\u00e9ntricos<\/em><\/strong>&#8216;. Este tipo de tareas se lleva adelante en horarios nocturnos cuando la circulaci\u00f3n de personas es nulo.<\/span><\/p>\n<h5><span style=\"color: #000000;\">\u2022F.B. (F.M. Vi\u00f1as).\u00a0<\/span><\/h5>\n","protected":false},"excerpt":{"rendered":"<p>La Direcci\u00f3n de Servicios P\u00fablicos trabaja simult\u00e1neamente en distintas tareas y de forma coordinada con otras \u00e1reas de la Municipalidad. Pablo &#8230;<\/p>\n","protected":false},"author":8,"featured_media":72320,"comment_status":"open","ping_status":"open","sticky":false,"template":"","format":"standard","meta":{"footnotes":""},"categories":[5,68],"tags":[],"class_list":["post-88171","post","type-post","status-publish","format-standard","has-post-thumbnail","hentry","category-actualidad","category-servicios"],"_links":{"self":[{"href":"https:\/\/vinasfm.com\/noticias\/wp-json\/wp\/v2\/posts\/88171","targetHints":{"allow":["GET"]}}],"collection":[{"href":"https:\/\/vinasfm.com\/noticias\/wp-json\/wp\/v2\/posts"}],"about":[{"href":"https:\/\/vinasfm.com\/noticias\/wp-json\/wp\/v2\/types\/post"}],"author":[{"embeddable":true,"href":"https:\/\/vinasfm.com\/noticias\/wp-json\/wp\/v2\/users\/8"}],"replies":[{"embeddable":true,"href":"https:\/\/vinasfm.com\/noticias\/wp-json\/wp\/v2\/comments?post=88171"}],"version-history":[{"count":2,"href":"https:\/\/vinasfm.com\/noticias\/wp-json\/wp\/v2\/posts\/88171\/revisions"}],"predecessor-version":[{"id":88195,"href":"https:\/\/vinasfm.com\/noticias\/wp-json\/wp\/v2\/posts\/88171\/revisions\/88195"}],"wp:featuredmedia":[{"embeddable":true,"href":"https:\/\/vinasfm.com\/noticias\/wp-json\/wp\/v2\/media\/72320"}],"wp:attachment":[{"href":"https:\/\/vinasfm.com\/noticias\/wp-json\/wp\/v2\/media?parent=88171"}],"wp:term":[{"taxonomy":"category","embeddable":true,"href":"https:\/\/vinasfm.com\/noticias\/wp-json\/wp\/v2\/categories?post=88171"},{"taxonomy":"post_tag","embeddable":true,"href":"https:\/\/vinasfm.com\/noticias\/wp-json\/wp\/v2\/tags?post=88171"}],"curies":[{"name":"wp","href":"https:\/\/api.w.org\/{rel}","templated":true}]}}