{"id":88097,"date":"2021-04-25T12:18:40","date_gmt":"2021-04-25T15:18:40","guid":{"rendered":"http:\/\/vinasfm.com\/noticias\/?p=88097"},"modified":"2021-04-26T19:55:50","modified_gmt":"2021-04-26T22:55:50","slug":"lo-interceptaron-en-real-del-padre-tras-fugarse-en-una-moto-robada-en-villa-atuel","status":"publish","type":"post","link":"https:\/\/vinasfm.com\/noticias\/lo-interceptaron-en-real-del-padre-tras-fugarse-en-una-moto-robada-en-villa-atuel\/","title":{"rendered":"LA POLIC\u00cdA RECUPER\u00d3 UNA MOTO ROBADA EN REAL DEL PADRE"},"content":{"rendered":"<h4><span style=\"color: #000000;\"><strong>Cerca de las 06:40h de este s\u00e1bado, una vecina de Real del Padre dio aviso a la polic\u00eda que minutos le hab\u00edan sustra\u00eddo su moto marca Corven 110 cc. de su vivienda, ubicada en calle 9 de Julio y Avellaneda.<\/strong><\/span><\/h4>\n<p><span style=\"color: #000000;\">Inmediatamente <strong>el CEO moviliz\u00f3 a personal de Polic\u00eda Rural y de Cuerpos Especiales<\/strong> en busca del malviviente.\u00a0<\/span><\/p>\n<p><span style=\"color: #000000;\">A las <strong>7:10h<\/strong> los patrulleros <strong>lograron interceptar el rodado menor en calle Los Andes y Belgrano<\/strong>\u00a0ante lo cual <strong>el autor del robo (28) intent\u00f3 arrojar la moto a un desag\u00fce contiguo<\/strong>. <\/span><\/p>\n<p><span style=\"color: #000000;\">La polic\u00eda frustr\u00f3 la acci\u00f3n del sujeto y lo aprehendi\u00f3 para trasladarlo a la sede policial de Villa Atuel junto con el secuestro.<\/span><\/p>\n<h5><span style=\"color: #000000;\">\u2022F.B.<\/span><\/h5>\n","protected":false},"excerpt":{"rendered":"<p>Cerca de las 06:40h de este s\u00e1bado, una vecina de Real del Padre dio aviso a la polic\u00eda que minutos le &#8230;<\/p>\n","protected":false},"author":8,"featured_media":42193,"comment_status":"open","ping_status":"open","sticky":false,"template":"","format":"standard","meta":{"footnotes":""},"categories":[5,4],"tags":[],"class_list":["post-88097","post","type-post","status-publish","format-standard","has-post-thumbnail","hentry","category-actualidad","category-policiales"],"_links":{"self":[{"href":"https:\/\/vinasfm.com\/noticias\/wp-json\/wp\/v2\/posts\/88097","targetHints":{"allow":["GET"]}}],"collection":[{"href":"https:\/\/vinasfm.com\/noticias\/wp-json\/wp\/v2\/posts"}],"about":[{"href":"https:\/\/vinasfm.com\/noticias\/wp-json\/wp\/v2\/types\/post"}],"author":[{"embeddable":true,"href":"https:\/\/vinasfm.com\/noticias\/wp-json\/wp\/v2\/users\/8"}],"replies":[{"embeddable":true,"href":"https:\/\/vinasfm.com\/noticias\/wp-json\/wp\/v2\/comments?post=88097"}],"version-history":[{"count":4,"href":"https:\/\/vinasfm.com\/noticias\/wp-json\/wp\/v2\/posts\/88097\/revisions"}],"predecessor-version":[{"id":88126,"href":"https:\/\/vinasfm.com\/noticias\/wp-json\/wp\/v2\/posts\/88097\/revisions\/88126"}],"wp:featuredmedia":[{"embeddable":true,"href":"https:\/\/vinasfm.com\/noticias\/wp-json\/wp\/v2\/media\/42193"}],"wp:attachment":[{"href":"https:\/\/vinasfm.com\/noticias\/wp-json\/wp\/v2\/media?parent=88097"}],"wp:term":[{"taxonomy":"category","embeddable":true,"href":"https:\/\/vinasfm.com\/noticias\/wp-json\/wp\/v2\/categories?post=88097"},{"taxonomy":"post_tag","embeddable":true,"href":"https:\/\/vinasfm.com\/noticias\/wp-json\/wp\/v2\/tags?post=88097"}],"curies":[{"name":"wp","href":"https:\/\/api.w.org\/{rel}","templated":true}]}}