{"id":88041,"date":"2021-04-23T23:20:17","date_gmt":"2021-04-24T02:20:17","guid":{"rendered":"http:\/\/vinasfm.com\/noticias\/?p=88041"},"modified":"2021-04-26T09:06:50","modified_gmt":"2021-04-26T12:06:50","slug":"el-secretario-de-soemga-sostuvo-el-pedido-de-medidas-para-cuidar-a-los-empleados-municipales","status":"publish","type":"post","link":"https:\/\/vinasfm.com\/noticias\/el-secretario-de-soemga-sostuvo-el-pedido-de-medidas-para-cuidar-a-los-empleados-municipales\/","title":{"rendered":"EL SECRETARIO DE SOEMGA SOSTUVO EL PEDIDO DE MEDIDAS PARA CUIDAR A LOS EMPLEADOS MUNICIPALES"},"content":{"rendered":"<h4><strong><span style=\"color: #000000;\">Dar\u00edo Olgu\u00edn, en representaci\u00f3n del SOEMGA, reiter\u00f3 el pedido de parar el trabajo presencial en \u00e1reas administrativas y hacer turnos rotativos entre los trabajadores esenciales. Adem\u00e1s, por la cr\u00edtica de Jos\u00e9 Vilches, asegur\u00f3 que el sindicato siempre colabor\u00f3 para prevenir contagios de coronavirus.<\/span><\/strong><\/h4>\n<p><span style=\"color: #000000;\">En di\u00e1logo con <strong>FM VI\u00d1AS, Dar\u00edo Olgu\u00edn<\/strong> sostuvo: <em><strong>\u00abEllos no se tienen que sentir molestos porque estamos en forma permanente con los empleados municipales, llevamos muy de cerca los casos positivos, los que est\u00e1n aislados y es lo que hoy provoca que hablemos de hacer turnos rotativos, sabiendo lo que pasa en las delegaciones y en el propio Municipio\u00bb.<\/strong><\/em><\/span><\/p>\n<p><span style=\"color: #000000;\">Por esa raz\u00f3n critic\u00f3 <a style=\"color: #000000;\" href=\"http:\/\/vinasfm.com\/noticias\/jose-vilches-al-sindicato-de-empleados-municipales-hace-un-ano-venimos-tomando-medidas-preventivas\/\">la respuesta de Jos\u00e9 Vilches<\/a> al pedido del sindicato: <em><strong>\u00abEl Secretario de gobierno no tendr\u00eda que salir de esa manera, tendr\u00eda que prestar m\u00e1s atenci\u00f3n y tener todas las precauciones que debe tener el Municipio\u00bb.<\/strong> <\/em>En ese sentido, aclar\u00f3: <em><strong>\u00abEsto no es una pelea entre el sindicato y el gobierno. S\u00f3lo le pedimos al intendente que cierre el Palacio Municipal y de turnos rotativos para los trabajadores esenciales sabiendo que, hoy por hoy el Hospital y los sanatorios est\u00e1n colapsados\u00bb.<\/strong><\/em><\/span><\/p>\n<p><span style=\"color: #000000;\">Debido a esta situaci\u00f3n epidemiol\u00f3gica, que afecta al sector (80 casos positivos y 100 aislados) explic\u00f3 cu\u00e1les son las medidas que esperan del gobierno. <em><strong>\u00abPedimos que se cierre la parte administrativa donde hay m\u00e1s contagios. Los servicios p\u00fablicos son esenciales y por eso pedimos que se trabaje sol\u00f3 en lo necesario, para no tener amontonamientos, viendo que las oficinas son chicas en algunos lugares y no est\u00e1n todas las protecciones\u00bb<\/strong><\/em>, manifest\u00f3 Olgu\u00edn.<\/span><\/p>\n<p><span style=\"color: #000000;\">Por \u00faltimo, asegur\u00f3 que siempre han estado a disposici\u00f3n de contribuir a la prevenci\u00f3n de contagios. <em><strong>\u00abEl secretario (Vilches) no puede decir que no colaboramos, porque el a\u00f1o pasado el sindicato compr\u00f3 alcohol en gel y jab\u00f3n para los trabajadores, porque en la Municipalidad los fondos del Covid, los destinaron a otros lados, y eso lo dijo el mismo se\u00f1or Intendente. No podemos ser ajenos a lo que viene pasando y el comunicado es s\u00f3lo para que tomen atenci\u00f3n\u00bb<\/strong><\/em>, cerr\u00f3 el secretario de SOEMGA.<\/span><\/p>\n<p><span style=\"color: #000000;\">\u2022L.A.<\/span><\/p>\n","protected":false},"excerpt":{"rendered":"<p>Dar\u00edo Olgu\u00edn, en representaci\u00f3n del SOEMGA, reiter\u00f3 el pedido de parar el trabajo presencial en \u00e1reas administrativas y hacer turnos rotativos &#8230;<\/p>\n","protected":false},"author":7,"featured_media":36206,"comment_status":"open","ping_status":"open","sticky":false,"template":"","format":"standard","meta":{"footnotes":""},"categories":[5,78],"tags":[],"class_list":["post-88041","post","type-post","status-publish","format-standard","has-post-thumbnail","hentry","category-actualidad","category-municipalidad"],"_links":{"self":[{"href":"https:\/\/vinasfm.com\/noticias\/wp-json\/wp\/v2\/posts\/88041","targetHints":{"allow":["GET"]}}],"collection":[{"href":"https:\/\/vinasfm.com\/noticias\/wp-json\/wp\/v2\/posts"}],"about":[{"href":"https:\/\/vinasfm.com\/noticias\/wp-json\/wp\/v2\/types\/post"}],"author":[{"embeddable":true,"href":"https:\/\/vinasfm.com\/noticias\/wp-json\/wp\/v2\/users\/7"}],"replies":[{"embeddable":true,"href":"https:\/\/vinasfm.com\/noticias\/wp-json\/wp\/v2\/comments?post=88041"}],"version-history":[{"count":5,"href":"https:\/\/vinasfm.com\/noticias\/wp-json\/wp\/v2\/posts\/88041\/revisions"}],"predecessor-version":[{"id":88054,"href":"https:\/\/vinasfm.com\/noticias\/wp-json\/wp\/v2\/posts\/88041\/revisions\/88054"}],"wp:featuredmedia":[{"embeddable":true,"href":"https:\/\/vinasfm.com\/noticias\/wp-json\/wp\/v2\/media\/36206"}],"wp:attachment":[{"href":"https:\/\/vinasfm.com\/noticias\/wp-json\/wp\/v2\/media?parent=88041"}],"wp:term":[{"taxonomy":"category","embeddable":true,"href":"https:\/\/vinasfm.com\/noticias\/wp-json\/wp\/v2\/categories?post=88041"},{"taxonomy":"post_tag","embeddable":true,"href":"https:\/\/vinasfm.com\/noticias\/wp-json\/wp\/v2\/tags?post=88041"}],"curies":[{"name":"wp","href":"https:\/\/api.w.org\/{rel}","templated":true}]}}