{"id":88032,"date":"2021-04-23T23:15:18","date_gmt":"2021-04-24T02:15:18","guid":{"rendered":"http:\/\/vinasfm.com\/noticias\/?p=88032"},"modified":"2021-04-24T13:30:12","modified_gmt":"2021-04-24T16:30:12","slug":"jose-vilches-al-sindicato-de-empleados-municipales-hace-un-ano-venimos-tomando-medidas-preventivas","status":"publish","type":"post","link":"https:\/\/vinasfm.com\/noticias\/jose-vilches-al-sindicato-de-empleados-municipales-hace-un-ano-venimos-tomando-medidas-preventivas\/","title":{"rendered":"JOS\u00c9 VILCHES AL SINDICATO DE EMPLEADOS MUNICIPALES: &#8216;HACE UN A\u00d1O VENIMOS TOMANDO MEDIDAS PREVENTIVAS&#8217;"},"content":{"rendered":"<h4><strong><span style=\"color: #000000;\">Desde el Sindicato de Obreros y Empleados Municipales, se le pide al Intendente departamental que tome medidas al respecto debido a la situaci\u00f3n epidemiol\u00f3gica por la que est\u00e1 pasando General Alvear, Jos\u00e9 V\u00edlchez Secretario de Gobierno habl\u00f3 al respecto.<\/span><\/strong><\/h4>\n<p><span style=\"color: #000000;\">El pasado jueves se hizo llegar un comunicad de prensa por parte del &#8216;<strong>Sindicato de Obreros y Empleados Municipales<\/strong>&#8216; donde se le pide al intendente Lic. Walter Marcolini que tome medidas al respecto ya que nuestro departamento est\u00e1 pasando por una situaci\u00f3n epidemiol\u00f3gica compleja.<em><strong>\u00a0<\/strong><\/em><\/span><\/p>\n<p><span style=\"color: #000000;\">En di\u00e1logo con <strong>F.M. VI\u00d1AS<\/strong> el <strong>Secretario de Gobierno Jos\u00e9 V\u00edlchez<\/strong> habl\u00f3 al respecto: <em><strong>\u00abLo que hemos venido hablando con la gente, nosotros hace un a\u00f1o largo ya venimos tomando medida no solamente dentro del municipio sino en todo el departamento, medidas que son ajustadas a los DNU establecidos por el presidente de la naci\u00f3n tambi\u00e9n por los que el gobernador de la provincia de Mendoza dicta. Est\u00e1s medidas que se toman se adoptan a la situaci\u00f3n que esta pasando General Alvear\u00bb<\/strong><\/em>.<\/span><\/p>\n<p><span style=\"color: #000000;\">En el pedido realizado al jefe comunal se expresa que se han solicitado a trav\u00e9s de dos expedientes, donde en el primero se pide hacer turnos rotativos en todas las \u00e1reas y en el segundo cerrar el palacio municipal, V\u00edlchez agreg\u00f3:<em><strong>\u00a0&#8216;Nosotros venimos preocupando por todo este tema pero m\u00e1s que preocupando ocupando de toda la pandemia durante todo este tiempo dem\u00e1s esta decir que la municipalidad como ente y como responsable de las facultades de higiene y salubridad general de todos los habitantes no solo de los empleados municipales\u00bb. <\/strong><\/em>El gobierno a partir de la primera semana de abril tomo las medidas de restricciones para frenar la circulaci\u00f3n y poder controlar la situaci\u00f3n epidemiol\u00f3gica departamental.<\/span><\/p>\n<p><span style=\"color: #000000;\">Desde el municipio se realizaron protocolos para cuidar la salud de los empleados y la situaci\u00f3n en el departamentos anteriormente que muchos otros municipios, se ha establecido el cuidado del empleado municipal ante cualquier otra medida, tomando la temperatura al ingreso, desinfectando las oficinas y reduciendo las horas, se ha tomado la decisi\u00f3n de hacer grupos rotativos de trabajo de acuerdo a cada situaci\u00f3n laboral.<\/span><\/p>\n<p><span style=\"color: #000000;\"><em><strong>\u00abNosotros al sindicato le hemos estado pidiendo que se pongan a la altura de las circunstancia y que dediquen los esfuerzos no solamente poner trabas en las ruedas, sino ayudar al gobierno municipal a cuidar la salud de los trabajares municipales\u00bb, <\/strong><\/em>agreg\u00f3 V\u00edlchez a respuesta del comunicado de prensa emitido por el sindicato.<\/span><\/p>\n<p><span style=\"color: #000000;\">Hoy el municipio cuenta tenemos 52 contagiados, 109 aislados por contacto y dem\u00e1s aislados en espera del resultado pero tambi\u00e9n hay 40 personas mayores que no est\u00e1n trabajando por ser edad de riesgo y 42 personas que son de riesgo por enfermedades, los n\u00fameros que maneja hoy.\u00a0<\/span><\/p>\n<h5><span style=\"color: #000000;\">\u2022C.F.<\/span><\/h5>\n","protected":false},"excerpt":{"rendered":"<p>Desde el Sindicato de Obreros y Empleados Municipales, se le pide al Intendente departamental que tome medidas al respecto debido a &#8230;<\/p>\n","protected":false},"author":7,"featured_media":15782,"comment_status":"open","ping_status":"open","sticky":false,"template":"","format":"standard","meta":{"footnotes":""},"categories":[5,78],"tags":[],"class_list":["post-88032","post","type-post","status-publish","format-standard","has-post-thumbnail","hentry","category-actualidad","category-municipalidad"],"_links":{"self":[{"href":"https:\/\/vinasfm.com\/noticias\/wp-json\/wp\/v2\/posts\/88032","targetHints":{"allow":["GET"]}}],"collection":[{"href":"https:\/\/vinasfm.com\/noticias\/wp-json\/wp\/v2\/posts"}],"about":[{"href":"https:\/\/vinasfm.com\/noticias\/wp-json\/wp\/v2\/types\/post"}],"author":[{"embeddable":true,"href":"https:\/\/vinasfm.com\/noticias\/wp-json\/wp\/v2\/users\/7"}],"replies":[{"embeddable":true,"href":"https:\/\/vinasfm.com\/noticias\/wp-json\/wp\/v2\/comments?post=88032"}],"version-history":[{"count":6,"href":"https:\/\/vinasfm.com\/noticias\/wp-json\/wp\/v2\/posts\/88032\/revisions"}],"predecessor-version":[{"id":88051,"href":"https:\/\/vinasfm.com\/noticias\/wp-json\/wp\/v2\/posts\/88032\/revisions\/88051"}],"wp:featuredmedia":[{"embeddable":true,"href":"https:\/\/vinasfm.com\/noticias\/wp-json\/wp\/v2\/media\/15782"}],"wp:attachment":[{"href":"https:\/\/vinasfm.com\/noticias\/wp-json\/wp\/v2\/media?parent=88032"}],"wp:term":[{"taxonomy":"category","embeddable":true,"href":"https:\/\/vinasfm.com\/noticias\/wp-json\/wp\/v2\/categories?post=88032"},{"taxonomy":"post_tag","embeddable":true,"href":"https:\/\/vinasfm.com\/noticias\/wp-json\/wp\/v2\/tags?post=88032"}],"curies":[{"name":"wp","href":"https:\/\/api.w.org\/{rel}","templated":true}]}}