{"id":88013,"date":"2021-04-23T23:20:15","date_gmt":"2021-04-24T02:20:15","guid":{"rendered":"http:\/\/vinasfm.com\/noticias\/?p=88013"},"modified":"2021-04-26T09:01:17","modified_gmt":"2021-04-26T12:01:17","slug":"el-proyecto-del-ferrocarril-sarmiento-forma-parte-de-la-agenda-nacional-de-obras-publicas","status":"publish","type":"post","link":"https:\/\/vinasfm.com\/noticias\/el-proyecto-del-ferrocarril-sarmiento-forma-parte-de-la-agenda-nacional-de-obras-publicas\/","title":{"rendered":"EL PROYECTO DEL FERROCARRIL SARMIENTO FORMA PARTE DE LA AGENDA NACIONAL DE OBRAS P\u00daBLICAS"},"content":{"rendered":"<h4><span style=\"color: #000000;\"><strong>El Intendente Walther Marcolini junto a representantes del Consorcio Ferroviario Uni\u00f3n Pac\u00edfico se reunieron en Buenos Aires con el Secretario de Obras P\u00fablicas de la Naci\u00f3n Mart\u00edn Gill y con Gabriel Katopodis, del Ministerio de Obras P\u00fablicas, logrando acordar la incorporaci\u00f3n del Proyecto de la reactivaci\u00f3n del Ferrocarril Sarmiento al Plan Estrat\u00e9gico de Obras P\u00fablicas Nacional e Internacional que est\u00e1 desarrollando el Ministerio de Obras P\u00fablicas de la Naci\u00f3n. <\/strong><\/span><\/h4>\n<p><span style=\"color: #000000;\">El proyecto en esta etapa, <strong>contempla el tramo Realic\u00f3-General Alvear<\/strong>, y posteriormente la salida al Pac\u00edfico. Al Intendente, lo acompa\u00f1aron en tan importante reuni\u00f3n, el Gerente del Consorcio, Alejandro Orlando; el Presidente de la UTE, Luis Bolomo; y Pablo Martorelli, Presidente del Instituto Argentino de Ferrocarriles.<\/span><\/p>\n<p><span style=\"color: #000000;\">&#8216;<strong><em>Fue una muy productiva reuni\u00f3n. La pr\u00f3xima semana hay una reuni\u00f3n de trabajo v\u00eda Zoom y presencial con el Consorcio en su conjunto, con la UTE, para la incorporaci\u00f3n del proyecto del Ferrocarril Sarmiento en el Plan Estrat\u00e9gico de Obras P\u00fablicas nacional e internacional que esta desarrollado en Ministerio<\/em><\/strong>&#8216;, evalu\u00f3 el Jefe Comunal.<\/span><\/p>\n<p><span style=\"color: #000000;\">Aprovechando la ocasi\u00f3n, Marcolini tambi\u00e9n trat\u00f3 con el Secretario Nacional otros temas de infraestructura para el Departamento como las tres obras de urbanizaci\u00f3n ya aprobadas: &#8216;<strong><em>Pudimos hablar de todas las obras que se est\u00e1n trabajando para Alvear de las cuales 3 ya est\u00e1n aprobadas como el loteo Di Paolo, el loteo Montes de Oca y el pasaje Berg\u00f3s y hay una cuarta que es para la urbanizaci\u00f3n del Barrio el Matadero. Tambi\u00e9n pudimos plantearle la necesidad de que avance el proyecto de la ampliaci\u00f3n de las obras de cloacas,de la planta de tratamiento de los l\u00edquidos cloacales<\/em><\/strong>&#8216;.<\/span><\/p>\n<p><a href=\"http:\/\/vinasfm.com\/noticias\/wp-content\/uploads\/2021\/04\/IMG-20210423-WA0007.jpg\"><img loading=\"lazy\" decoding=\"async\" class=\"size-large wp-image-88016 aligncenter\" src=\"http:\/\/vinasfm.com\/noticias\/wp-content\/uploads\/2021\/04\/IMG-20210423-WA0007-1024x576.jpg\" alt=\"\" width=\"1024\" height=\"576\" srcset=\"https:\/\/vinasfm.com\/noticias\/wp-content\/uploads\/2021\/04\/IMG-20210423-WA0007-1024x576.jpg 1024w, https:\/\/vinasfm.com\/noticias\/wp-content\/uploads\/2021\/04\/IMG-20210423-WA0007-300x169.jpg 300w, https:\/\/vinasfm.com\/noticias\/wp-content\/uploads\/2021\/04\/IMG-20210423-WA0007-768x432.jpg 768w, https:\/\/vinasfm.com\/noticias\/wp-content\/uploads\/2021\/04\/IMG-20210423-WA0007-1140x641.jpg 1140w, https:\/\/vinasfm.com\/noticias\/wp-content\/uploads\/2021\/04\/IMG-20210423-WA0007.jpg 1280w\" sizes=\"auto, (max-width: 1024px) 100vw, 1024px\" \/><\/a><\/p>\n<p><span style=\"color: #000000;\">Por otra parte el <strong>Presidente de IAF<\/strong> (Instituto Argentino de Ferrocarriles y Coordinador de Explotaci\u00f3n Ferroviaria de FCUP), <strong>Pablo Martorelli<\/strong>, expres\u00f3: &#8216;<strong><em>La reunion con el Secretario fue buena. El mismo nos propone participar de una serie de actividades que son propias de una planificaci\u00f3n estrat\u00e9gica de largo alcance<\/em><\/strong>&#8216;.<\/span><\/p>\n<p><span style=\"color: #000000;\">&#8216;<strong><em>El proyecto de Uni\u00f3n Pac\u00edfico fue completo, est\u00e1 realizado hace varios a\u00f1os. No tuvo objeci\u00f3n de nadie y ahora se est\u00e1 a la espera de participar en una mesa de trabajo con funcionarios del ministerio de transporte y la Secretaria de Obras p\u00fablicas en un proyecto que ya tiene alcance internacional con la posibilidad de llegar a Chile. Con funcionarios chinos recorrimos el trazado del Ferrocarril en dos oportunidades y consideramos que estamos bien posicionados en este aspecto. Ahora resta esperar la convocatoria a esta reuni\u00f3n<\/em><\/strong>&#8216;, sostuvo.<\/span><\/p>\n<h5><span style=\"color: #000000;\">\u2022F.B. (F.M. Vi\u00f1as).<\/span><\/h5>\n","protected":false},"excerpt":{"rendered":"<p>El Intendente Walther Marcolini junto a representantes del Consorcio Ferroviario Uni\u00f3n Pac\u00edfico se reunieron en Buenos Aires con el Secretario de &#8230;<\/p>\n","protected":false},"author":8,"featured_media":88015,"comment_status":"open","ping_status":"open","sticky":false,"template":"","format":"standard","meta":{"footnotes":""},"categories":[5,10],"tags":[],"class_list":["post-88013","post","type-post","status-publish","format-standard","has-post-thumbnail","hentry","category-actualidad","category-destacadas"],"_links":{"self":[{"href":"https:\/\/vinasfm.com\/noticias\/wp-json\/wp\/v2\/posts\/88013","targetHints":{"allow":["GET"]}}],"collection":[{"href":"https:\/\/vinasfm.com\/noticias\/wp-json\/wp\/v2\/posts"}],"about":[{"href":"https:\/\/vinasfm.com\/noticias\/wp-json\/wp\/v2\/types\/post"}],"author":[{"embeddable":true,"href":"https:\/\/vinasfm.com\/noticias\/wp-json\/wp\/v2\/users\/8"}],"replies":[{"embeddable":true,"href":"https:\/\/vinasfm.com\/noticias\/wp-json\/wp\/v2\/comments?post=88013"}],"version-history":[{"count":1,"href":"https:\/\/vinasfm.com\/noticias\/wp-json\/wp\/v2\/posts\/88013\/revisions"}],"predecessor-version":[{"id":88017,"href":"https:\/\/vinasfm.com\/noticias\/wp-json\/wp\/v2\/posts\/88013\/revisions\/88017"}],"wp:featuredmedia":[{"embeddable":true,"href":"https:\/\/vinasfm.com\/noticias\/wp-json\/wp\/v2\/media\/88015"}],"wp:attachment":[{"href":"https:\/\/vinasfm.com\/noticias\/wp-json\/wp\/v2\/media?parent=88013"}],"wp:term":[{"taxonomy":"category","embeddable":true,"href":"https:\/\/vinasfm.com\/noticias\/wp-json\/wp\/v2\/categories?post=88013"},{"taxonomy":"post_tag","embeddable":true,"href":"https:\/\/vinasfm.com\/noticias\/wp-json\/wp\/v2\/tags?post=88013"}],"curies":[{"name":"wp","href":"https:\/\/api.w.org\/{rel}","templated":true}]}}