{"id":87981,"date":"2021-04-24T01:00:26","date_gmt":"2021-04-24T04:00:26","guid":{"rendered":"http:\/\/vinasfm.com\/noticias\/?p=87981"},"modified":"2021-04-26T09:47:19","modified_gmt":"2021-04-26T12:47:19","slug":"coprosamen-pidio-una-extension-de-30-dias-en-la-campana-de-aftosa","status":"publish","type":"post","link":"https:\/\/vinasfm.com\/noticias\/coprosamen-pidio-una-extension-de-30-dias-en-la-campana-de-aftosa\/","title":{"rendered":"COPROSAMEN PIDI\u00d3 UNA EXTENSI\u00d3N DE 30 D\u00cdAS EN LA CAMPA\u00d1A DE AFTOSA"},"content":{"rendered":"<h4><span style=\"color: #000000;\">Carlos Iriarte, Gerente de COPROSAMEN, comunic\u00f3 que pidieron un plazo de un mes extra para la vacunaci\u00f3n contra la aftosa, debido a que la cantidad de lluvias han afectado la campa\u00f1a. Asimismo, aclar\u00f3 la importancia de terminarla en el menor tiempo posible.<\/span><\/h4>\n<p><span style=\"color: #000000;\">En di\u00e1logo con FM VI\u00d1AS Carlos Iriarte habl\u00f3 sobre el pedido de extensi\u00f3n de la campa\u00f1a de vacunaci\u00f3n, debido a los inconvenientes que han tenido en los \u00faltimos meses. <em><strong>\u00abEst\u00e1 llegando a su fin, termina el 30 de este mes oficialmente, pero en virtud de las lluvias que han complicado el normal desarrollo, pedimos la extensi\u00f3n por 30 d\u00edas m\u00e1s\u00bb,<\/strong><\/em> explic\u00f3 el Gerente de COPROSAMEN, y dijo que est\u00e1n esperando la respuesta del SENASA.<\/span><\/p>\n<p><span style=\"color: #000000;\">Adem\u00e1s, Iriarte asegur\u00f3: <em><strong>\u00abTodas las campa\u00f1as hay que hacerlas en el menor tiempo posible, y la de la aftosa, que es un virus, no escapa a esta situaci\u00f3n. Pero casi siempre todos los a\u00f1os quedan algunos lugares remotos, complicados y por eso hay campos que se hacen fuera de campa\u00f1a, pero sin penalizaciones porque SENASA autoriza a hacerlo\u00bb. <\/strong><\/em>En cuanto al avance de la vacunaci\u00f3n durante este a\u00f1o, manifest\u00f3: <em><strong>\u00abEstamos arriba del 75% en animales, y en predios, es decir en cantidad de productores un poco m\u00e1s abajo\u00bb<\/strong><\/em>.<\/span><\/p>\n<p><span style=\"color: #000000;\">Por \u00faltimo, con respecto a la producci\u00f3n, agreg\u00f3 otro dato relevante: <em><strong>\u00abEste a\u00f1o vamos a tener las consecuencias de sequ\u00edas en a\u00f1os anteriores y lluvias a destiempo (con respecto al crecimiento del forraje), por lo que estimamos que hay unos 80.000 animales menos en la provincia\u00bb<\/strong><\/em>. Por lo tanto, estiman que hay entre 450 y 470 mil, a diferencia del a\u00f1o pasado, que Mendoza superaba el medio mill\u00f3n de animales.<\/span><\/p>\n<p><span style=\"color: #000000;\">\u2022<strong>L.A.<\/strong><\/span><\/p>\n","protected":false},"excerpt":{"rendered":"<p>Carlos Iriarte, Gerente de COPROSAMEN, comunic\u00f3 que pidieron un plazo de un mes extra para la vacunaci\u00f3n contra la aftosa, debido &#8230;<\/p>\n","protected":false},"author":7,"featured_media":17525,"comment_status":"open","ping_status":"open","sticky":false,"template":"","format":"standard","meta":{"footnotes":""},"categories":[5,14],"tags":[],"class_list":["post-87981","post","type-post","status-publish","format-standard","has-post-thumbnail","hentry","category-actualidad","category-agro"],"_links":{"self":[{"href":"https:\/\/vinasfm.com\/noticias\/wp-json\/wp\/v2\/posts\/87981","targetHints":{"allow":["GET"]}}],"collection":[{"href":"https:\/\/vinasfm.com\/noticias\/wp-json\/wp\/v2\/posts"}],"about":[{"href":"https:\/\/vinasfm.com\/noticias\/wp-json\/wp\/v2\/types\/post"}],"author":[{"embeddable":true,"href":"https:\/\/vinasfm.com\/noticias\/wp-json\/wp\/v2\/users\/7"}],"replies":[{"embeddable":true,"href":"https:\/\/vinasfm.com\/noticias\/wp-json\/wp\/v2\/comments?post=87981"}],"version-history":[{"count":3,"href":"https:\/\/vinasfm.com\/noticias\/wp-json\/wp\/v2\/posts\/87981\/revisions"}],"predecessor-version":[{"id":88058,"href":"https:\/\/vinasfm.com\/noticias\/wp-json\/wp\/v2\/posts\/87981\/revisions\/88058"}],"wp:featuredmedia":[{"embeddable":true,"href":"https:\/\/vinasfm.com\/noticias\/wp-json\/wp\/v2\/media\/17525"}],"wp:attachment":[{"href":"https:\/\/vinasfm.com\/noticias\/wp-json\/wp\/v2\/media?parent=87981"}],"wp:term":[{"taxonomy":"category","embeddable":true,"href":"https:\/\/vinasfm.com\/noticias\/wp-json\/wp\/v2\/categories?post=87981"},{"taxonomy":"post_tag","embeddable":true,"href":"https:\/\/vinasfm.com\/noticias\/wp-json\/wp\/v2\/tags?post=87981"}],"curies":[{"name":"wp","href":"https:\/\/api.w.org\/{rel}","templated":true}]}}