{"id":87578,"date":"2021-04-07T09:41:14","date_gmt":"2021-04-07T12:41:14","guid":{"rendered":"http:\/\/vinasfm.com\/noticias\/?p=87578"},"modified":"2021-04-08T10:27:10","modified_gmt":"2021-04-08T13:27:10","slug":"las-tradicionales-se-correran-sin-publico-en-el-victor-garcia","status":"publish","type":"post","link":"https:\/\/vinasfm.com\/noticias\/las-tradicionales-se-correran-sin-publico-en-el-victor-garcia\/","title":{"rendered":"LAS TRADICIONALES SE CORRER\u00c1N SIN P\u00daBLICO EN EL V\u00cdCTOR GARC\u00cdA"},"content":{"rendered":"<h4><span style=\"color: #000000;\">La 2da fecha de las Categor\u00edas Tradicionales se llevar\u00e1 a cabo en el Aut\u00f3dromo V\u00edctor Garc\u00eda sin p\u00fablico. Debido a la ola de contagios y para cumplir con las nuevas medidas del gobierno provincial, el Director de Deportes Jer\u00f3nimo Colla confirm\u00f3 que no podr\u00e1n ingresar espectadores y solo podr\u00e1n ir a la pista tres personas por auto, incluido el piloto.<\/span><\/h4>\n<p><span style=\"color: #000000;\">En di\u00e1logo con<strong> FM VI\u00d1AS, Jer\u00f3nimo Colla<\/strong> confirm\u00f3 que no habr\u00e1 p\u00fablico para presenciar la segunda fecha de las Categor\u00edas Tradicionales, el pr\u00f3ximo domingo 11 de abril en el Aut\u00f3dromo &#8216;V\u00edctor Garc\u00eda&#8217;.<em><strong> \u00abSolamente van a ingresar pilotos y dos acompa\u00f1antes, es decir tres personas por auto. Esto nos va a permitir una mejor organizaci\u00f3n y poder cumplir con los protocolos y resoluciones que se han tomado\u00bb<\/strong><\/em>, anunci\u00f3, y aclar\u00f3: <em><strong>\u00abTodo est\u00e1 sujeto a c\u00f3mo avance esta situaci\u00f3n y a las decisiones que se tomen en el \u00e1mbito provincial y nacional\u00bb.<\/strong><\/em><\/span><\/p>\n<p><span style=\"color: #000000;\">Y debido a esta decisi\u00f3n, lament\u00f3:<em><strong> \u00abLas carreras se han caracterizado tambi\u00e9n por el espect\u00e1culo de la gente pero hoy por el contexto es imposible realizarlo de esa manera para los 60 autos que vienen. Por eso para garantizarles cumplir con el decreto, tuvimos que tomar esta decisi\u00f3n para que no se pierda esta fecha\u00bb<\/strong><\/em>. Con controles policiales en la entrada y en el predio para que se respeten todas las medidas.<\/span><\/p>\n<p><span style=\"color: #000000;\">Por \u00faltimo,<strong> el Director de Deportes aclar\u00f3 que los dos acompa\u00f1antes del piloto deber\u00e1n abonar una entrada para ingresar al predio y trabajar en el veh\u00edculo.<\/strong><\/span><\/p>\n<p><span style=\"color: #000000;\">\u2022<strong>L.A.<\/strong><\/span><\/p>\n","protected":false},"excerpt":{"rendered":"<p>La 2da fecha de las Categor\u00edas Tradicionales se llevar\u00e1 a cabo en el Aut\u00f3dromo V\u00edctor Garc\u00eda sin p\u00fablico. Debido a la &#8230;<\/p>\n","protected":false},"author":7,"featured_media":51075,"comment_status":"open","ping_status":"open","sticky":false,"template":"","format":"standard","meta":{"footnotes":""},"categories":[5,3],"tags":[],"class_list":["post-87578","post","type-post","status-publish","format-standard","has-post-thumbnail","hentry","category-actualidad","category-deportes"],"_links":{"self":[{"href":"https:\/\/vinasfm.com\/noticias\/wp-json\/wp\/v2\/posts\/87578","targetHints":{"allow":["GET"]}}],"collection":[{"href":"https:\/\/vinasfm.com\/noticias\/wp-json\/wp\/v2\/posts"}],"about":[{"href":"https:\/\/vinasfm.com\/noticias\/wp-json\/wp\/v2\/types\/post"}],"author":[{"embeddable":true,"href":"https:\/\/vinasfm.com\/noticias\/wp-json\/wp\/v2\/users\/7"}],"replies":[{"embeddable":true,"href":"https:\/\/vinasfm.com\/noticias\/wp-json\/wp\/v2\/comments?post=87578"}],"version-history":[{"count":1,"href":"https:\/\/vinasfm.com\/noticias\/wp-json\/wp\/v2\/posts\/87578\/revisions"}],"predecessor-version":[{"id":87583,"href":"https:\/\/vinasfm.com\/noticias\/wp-json\/wp\/v2\/posts\/87578\/revisions\/87583"}],"wp:featuredmedia":[{"embeddable":true,"href":"https:\/\/vinasfm.com\/noticias\/wp-json\/wp\/v2\/media\/51075"}],"wp:attachment":[{"href":"https:\/\/vinasfm.com\/noticias\/wp-json\/wp\/v2\/media?parent=87578"}],"wp:term":[{"taxonomy":"category","embeddable":true,"href":"https:\/\/vinasfm.com\/noticias\/wp-json\/wp\/v2\/categories?post=87578"},{"taxonomy":"post_tag","embeddable":true,"href":"https:\/\/vinasfm.com\/noticias\/wp-json\/wp\/v2\/tags?post=87578"}],"curies":[{"name":"wp","href":"https:\/\/api.w.org\/{rel}","templated":true}]}}