{"id":87537,"date":"2021-04-06T10:04:49","date_gmt":"2021-04-06T13:04:49","guid":{"rendered":"http:\/\/vinasfm.com\/noticias\/?p=87537"},"modified":"2021-04-08T09:54:45","modified_gmt":"2021-04-08T12:54:45","slug":"segunda-ola-se-registraron-65-casos-positivos-en-el-dia-de-ayer","status":"publish","type":"post","link":"https:\/\/vinasfm.com\/noticias\/segunda-ola-se-registraron-65-casos-positivos-en-el-dia-de-ayer\/","title":{"rendered":"SEGUNDA OLA: SE REGISTRARON 65 CASOS POSITIVOS EN EL D\u00cdA DE AYER"},"content":{"rendered":"<h4>De acuerdo al informe suministrado por el Laboratorio Covid Regi\u00f3n Sur, General Alvear registr\u00f3 65 casos positivos en la fecha de ayer.<\/h4>\n<p>Al momento, el total de casos acumulados en el Hospital Enfermeros Argentinos es de <strong>2469<\/strong> <strong>casos positivos (311 casos activos, 2087 recuperados y 71 fallecimientos).<\/strong><\/p>\n<p style=\"text-align: center;\"><strong>INFORME REGI\u00d3N SUR<\/strong><\/p>\n<p>Este lunes,\u00a0<strong>los tres departamentos del Sur sumaron 174 nuevos casos positivos Covid-19.<\/strong><\/p>\n<ul>\n<li><strong>GENERAL ALVEAR: 65<\/strong><\/li>\n<li><strong>SAN RAFAEL: 113<\/strong><\/li>\n<li><strong>MALARG\u00dcE: 5<\/strong><\/li>\n<\/ul>\n<p>Con las \u00faltimas cifras, San Rafael, General Alvear y Malarg\u00fce cuentan con 10340 casos positivos de los cuales 8156 se han recuperados y 214 han fallecido por Covid-19.<\/p>\n<p>&nbsp;<\/p>\n<p>\u2022C.F.<\/p>\n","protected":false},"excerpt":{"rendered":"<p>De acuerdo al informe suministrado por el Laboratorio Covid Regi\u00f3n Sur, General Alvear registr\u00f3 65 casos positivos en la fecha de &#8230;<\/p>\n","protected":false},"author":7,"featured_media":70682,"comment_status":"open","ping_status":"open","sticky":false,"template":"","format":"standard","meta":{"footnotes":""},"categories":[5,62],"tags":[],"class_list":["post-87537","post","type-post","status-publish","format-standard","has-post-thumbnail","hentry","category-actualidad","category-coronavirus"],"_links":{"self":[{"href":"https:\/\/vinasfm.com\/noticias\/wp-json\/wp\/v2\/posts\/87537","targetHints":{"allow":["GET"]}}],"collection":[{"href":"https:\/\/vinasfm.com\/noticias\/wp-json\/wp\/v2\/posts"}],"about":[{"href":"https:\/\/vinasfm.com\/noticias\/wp-json\/wp\/v2\/types\/post"}],"author":[{"embeddable":true,"href":"https:\/\/vinasfm.com\/noticias\/wp-json\/wp\/v2\/users\/7"}],"replies":[{"embeddable":true,"href":"https:\/\/vinasfm.com\/noticias\/wp-json\/wp\/v2\/comments?post=87537"}],"version-history":[{"count":1,"href":"https:\/\/vinasfm.com\/noticias\/wp-json\/wp\/v2\/posts\/87537\/revisions"}],"predecessor-version":[{"id":87543,"href":"https:\/\/vinasfm.com\/noticias\/wp-json\/wp\/v2\/posts\/87537\/revisions\/87543"}],"wp:featuredmedia":[{"embeddable":true,"href":"https:\/\/vinasfm.com\/noticias\/wp-json\/wp\/v2\/media\/70682"}],"wp:attachment":[{"href":"https:\/\/vinasfm.com\/noticias\/wp-json\/wp\/v2\/media?parent=87537"}],"wp:term":[{"taxonomy":"category","embeddable":true,"href":"https:\/\/vinasfm.com\/noticias\/wp-json\/wp\/v2\/categories?post=87537"},{"taxonomy":"post_tag","embeddable":true,"href":"https:\/\/vinasfm.com\/noticias\/wp-json\/wp\/v2\/tags?post=87537"}],"curies":[{"name":"wp","href":"https:\/\/api.w.org\/{rel}","templated":true}]}}