{"id":87515,"date":"2021-04-07T20:02:58","date_gmt":"2021-04-07T23:02:58","guid":{"rendered":"http:\/\/vinasfm.com\/noticias\/?p=87515"},"modified":"2021-04-08T10:19:50","modified_gmt":"2021-04-08T13:19:50","slug":"el-intendente-anuncio-las-medidas-para-contener-el-crecimiento-de-los-casos-positivos-en-alvear","status":"publish","type":"post","link":"https:\/\/vinasfm.com\/noticias\/el-intendente-anuncio-las-medidas-para-contener-el-crecimiento-de-los-casos-positivos-en-alvear\/","title":{"rendered":"EL INTENDENTE ANUNCI\u00d3 LAS MEDIDAS PARA CONTENER EL CRECIMIENTO DE LOS CASOS POSITIVOS EN ALVEAR"},"content":{"rendered":"<h4><span style=\"color: #000000;\"><strong>Debido al aumento exponencial de casos de Covid-19 en Mendoza el Gobierno de la Provincia tom\u00f3 medidas preventivas para resguardar la salud de todos los mendocinos. El Intendente Walther Marcolini luego de mantener una reuni\u00f3n con el Comit\u00e9 de Emergencia Municipal anunci\u00f3 los protocolos que se aplicar\u00e1n en nuestro Departamento.<\/strong><\/span><\/h4>\n<p><span style=\"color: #000000;\">A trav\u00e9s del <strong>Decreto 342<\/strong> que se public\u00f3 en el <strong><em>Bolet\u00edn Oficial<\/em><\/strong>, el <strong>Gobernador Rodolfo Suarez estableci\u00f3 las nuevas medidas sanitarias que rigen en toda la Provincia de Mendoza desde este martes 6 de abril de 2021<\/strong>, donde se <strong>restringe la circulaci\u00f3n de personas en el territorio de la Provincia de Mendoza entre las 00:30 y las 05:30 hs de cada d\u00eda<\/strong>.<\/span><\/p>\n<h4><span style=\"color: #000000;\"><strong>En cuanto a los eventos sociales:<\/strong><\/span><\/h4>\n<p><span style=\"color: #000000;\">-En los <strong>eventos al aire libre<\/strong>, la <strong>cantidad de asistentes estar\u00e1 determinada a raz\u00f3n de una persona por cada metro cuadrado de superficie<\/strong>, y hasta un <strong>m\u00e1ximo de 250 personas<\/strong>.<\/span><\/p>\n<p><span style=\"color: #000000;\">-En los <strong>eventos en espacios cerrados<\/strong> debidamente habilitados, deber\u00e1 limitarse la <strong>ocupaci\u00f3n al 50 %<\/strong> del factor autorizado y con un <strong>m\u00e1ximo de 250 personas<\/strong>.<\/span><\/p>\n<p><span style=\"color: #000000;\">-En ambos casos <strong>no podr\u00e1n ubicarse m\u00e1s de seis personas por mesa<\/strong> y se deber\u00e1 respetar la <strong>distancia de dos metros entre cada mesa<\/strong>.<\/span><\/p>\n<p><span style=\"color: #000000;\">-Deber\u00e1n respetarse las normas vigentes sobre <strong>distanciamiento social, higiene y utilizaci\u00f3n de tapabocas<\/strong>.<\/span><\/p>\n<p><span style=\"color: #000000;\">-Para la <strong>organizaci\u00f3n de cualquier tipo de evento<\/strong> no contemplado en la presente norma, deber\u00e1 obtenerse la <strong>previa aprobaci\u00f3n<\/strong> de la <strong>Subdirecci\u00f3n de Control de Eventos y Locales de Esparcimiento<\/strong>, dependiente del Ministerio de Seguridad.<\/span><\/p>\n<h4><span style=\"color: #000000;\"><strong>En cuanto a los eventos deportivos:<\/strong><\/span><\/h4>\n<p><span style=\"color: #000000;\">-Solo podr\u00e1 autorizarse la <strong>presencia de p\u00fablico<\/strong> en aquellos <strong>eventos que se desarrollen al aire libre<\/strong>, a raz\u00f3n de <strong>una persona por cada metro cuadrado<\/strong> de superficie y hasta un <strong>m\u00e1ximo de 250 personas<\/strong>.<\/span><\/p>\n<p><span style=\"color: #000000;\">-En los eventos a realizarse <strong>en espacios cerrados<\/strong>, <strong>no podr\u00e1 autorizarse la presencia de p\u00fablico<\/strong>.<\/span><\/p>\n<p><span style=\"color: #000000;\">-Deber\u00e1n respetarse las normas vigentes sobre <strong>distanciamiento social, higiene y utilizaci\u00f3n de tapabocas<\/strong>.<\/span><\/p>\n<p><span style=\"color: #000000;\">-Deber\u00e1n cumplirse las disposiciones de la <strong>Resoluci\u00f3n 2810\/2020<\/strong> del Ministerio de Salud, Desarrollo Social y Deportes de la Provincia, en tanto sean compatibles con las disposiciones del presente decreto.<\/span><\/p>\n<p><span style=\"color: #000000;\">El Jefe Comunal se refiri\u00f3 a la situaci\u00f3n en nuestro departamento: \u201c<strong><em>El once de noviembre fue el momento m\u00e1s \u00e1lgido de contagios, despu\u00e9s la curva empez\u00f3 a bajar y los primeros tres meses de este a\u00f1o tuvimos una situaci\u00f3n muy aceptable, con d\u00edas sin casos positivos. Esto nos alent\u00f3 a realizar distintas actividades, que la familia disfrutara de sus actividades cotidianas, con eventos muy positivos. Sin embargo en los \u00faltimos seis d\u00edas tenemos un nivel de positividad muy alarmante, con una estampida de casos positivos, y por eso debemos tomar conciencia<\/em><\/strong>\u201d.<\/span><\/p>\n<p><span style=\"color: #000000;\">Seg\u00fan el an\u00e1lisis realizado por el <strong>Comit\u00e9 de Epidemiolog\u00eda de la Provincia<\/strong> esto se debe a fiestas clandestinas, cumplea\u00f1os de 15, casamientos y otros eventos nocturnos ya que la franja etaria entre 18 y 40 a\u00f1os son los m\u00e1s afectados, esto significa que hay que cuidarse de manera individual.<\/span><\/p>\n<p><span style=\"color: #000000;\">\u201c<strong><em>No hay medida que se pueda tomar si es que pretendemos mantener el nivel de actividad econ\u00f3mica, culturales, recreativas y deportivas, con la mayor posibilidad de que se realicen. Por eso le pido a los alvearenses que intensifiquen los cuidados individuales para colaborar con el resto de la sociedad<\/em><\/strong>\u201d, indic\u00f3 el mandatario municipal.<\/span><\/p>\n<p><span style=\"color: #000000;\">Frente a esta situaci\u00f3n, en General Alvear se contin\u00faa con los operativos de concientizaci\u00f3n en los cajeros autom\u00e1ticos, adem\u00e1s la polic\u00eda municipal tambi\u00e9n realizar\u00e1 campa\u00f1as en el centro y barrios para que la gente use el tapaboca y mantenga el distanciamiento. <\/span><\/p>\n<p><span style=\"color: #000000;\">Tambi\u00e9n se trabajar\u00e1 en conjunto con la <strong>C\u00e1mara de Comercio<\/strong> para que colaboren con los operativos en comercios y garantizar de esta manera que se respeten los protocolos, y c\u00f3mo accionar en caso de tener alg\u00fan caso positivo. Se contin\u00faa con otros operativos como la capacitaci\u00f3n a los docentes, el Programa de Servicio de Cadeter\u00eda para los adultos mayores y la publicidad callejera para reforzar las medidas.<\/span><\/p>\n<p><span style=\"color: #000000;\">Desde la <strong>Direcci\u00f3n de Inspecci\u00f3n<\/strong> se trabaja con los comercios, donde se exige que todos usen el tapaboca, respeten el distanciamiento social, el ingreso sanitario y la capacidad de personas dentro de los locales.<\/span><\/p>\n<p><span style=\"color: #000000;\">En caso de infracciones debidamente constatadas, <strong>se aplicar\u00e1 una multa de $10.000 a la persona infractora y $50.000 al propietario del local y\/o domicilio<\/strong>, adem\u00e1s se formular\u00e1 la denuncia en los t\u00e9rminos del <strong>art\u00edculo 205<\/strong> del <strong>C\u00f3digo Penal<\/strong> y\/o art\u00edculo 119 bis del <strong>C\u00f3digo Contravencional Provincial<\/strong>.<\/span><\/p>\n<p><span style=\"color: #000000;\">Por el momento estas ser\u00e1n las medidas que se tomar\u00e1n en la Provincia, en tanto que se pide a la poblaci\u00f3n que act\u00fae con la mayor prudencia y apelando al cuidado individual, siempre cumpliendo las medidas sanitarias dispuestas.<\/span><\/p>\n<h5><span style=\"color: #000000;\">\u2022F.B.<\/span><\/h5>\n","protected":false},"excerpt":{"rendered":"<p>Debido al aumento exponencial de casos de Covid-19 en Mendoza el Gobierno de la Provincia tom\u00f3 medidas preventivas para resguardar la &#8230;<\/p>\n","protected":false},"author":8,"featured_media":87517,"comment_status":"open","ping_status":"open","sticky":false,"template":"","format":"standard","meta":{"footnotes":""},"categories":[5,62,7],"tags":[],"class_list":["post-87515","post","type-post","status-publish","format-standard","has-post-thumbnail","hentry","category-actualidad","category-coronavirus","category-politica"],"_links":{"self":[{"href":"https:\/\/vinasfm.com\/noticias\/wp-json\/wp\/v2\/posts\/87515","targetHints":{"allow":["GET"]}}],"collection":[{"href":"https:\/\/vinasfm.com\/noticias\/wp-json\/wp\/v2\/posts"}],"about":[{"href":"https:\/\/vinasfm.com\/noticias\/wp-json\/wp\/v2\/types\/post"}],"author":[{"embeddable":true,"href":"https:\/\/vinasfm.com\/noticias\/wp-json\/wp\/v2\/users\/8"}],"replies":[{"embeddable":true,"href":"https:\/\/vinasfm.com\/noticias\/wp-json\/wp\/v2\/comments?post=87515"}],"version-history":[{"count":4,"href":"https:\/\/vinasfm.com\/noticias\/wp-json\/wp\/v2\/posts\/87515\/revisions"}],"predecessor-version":[{"id":87590,"href":"https:\/\/vinasfm.com\/noticias\/wp-json\/wp\/v2\/posts\/87515\/revisions\/87590"}],"wp:featuredmedia":[{"embeddable":true,"href":"https:\/\/vinasfm.com\/noticias\/wp-json\/wp\/v2\/media\/87517"}],"wp:attachment":[{"href":"https:\/\/vinasfm.com\/noticias\/wp-json\/wp\/v2\/media?parent=87515"}],"wp:term":[{"taxonomy":"category","embeddable":true,"href":"https:\/\/vinasfm.com\/noticias\/wp-json\/wp\/v2\/categories?post=87515"},{"taxonomy":"post_tag","embeddable":true,"href":"https:\/\/vinasfm.com\/noticias\/wp-json\/wp\/v2\/tags?post=87515"}],"curies":[{"name":"wp","href":"https:\/\/api.w.org\/{rel}","templated":true}]}}