{"id":87493,"date":"2021-04-06T10:10:10","date_gmt":"2021-04-06T13:10:10","guid":{"rendered":"http:\/\/vinasfm.com\/noticias\/?p=87493"},"modified":"2021-04-06T10:20:34","modified_gmt":"2021-04-06T13:20:34","slug":"regresan-los-brigadistas-de-alvear-y-monte-coman-que-combatieron-los-incendios-en-la-patagonia","status":"publish","type":"post","link":"https:\/\/vinasfm.com\/noticias\/regresan-los-brigadistas-de-alvear-y-monte-coman-que-combatieron-los-incendios-en-la-patagonia\/","title":{"rendered":"REGRESAN LOS BRIGADISTAS DE ALVEAR Y MONTE COM\u00c1N QUE COMBATIERON LOS INCENDIOS EN LA PATAGONIA"},"content":{"rendered":"<h4><span style=\"color: #000000;\"><strong>La Secretar\u00eda de Ambiente y Ordenamiento territorial envi\u00f3 a El Bols\u00f3n a 15 brigadistas del Plan Provincial de Manejo del Fuego. Como lo hab\u00eda informado F.M. VI\u00d1AS el equipo estuvo integrado por personal de Guardaparques y Brigadistas de Incendios Forestales, quienes integran las bases de incendios de Mendoza, General Alvear y Monte Com\u00e1n.<\/strong><\/span><\/h4>\n<p><span style=\"color: #000000;\">El <strong>secretario de Ambiente y Ordenamiento Territorial<\/strong>, <strong>Humberto Mingorance<\/strong>, declar\u00f3: \u201c<strong><em>Los brigadistas de nuestra provincia realizaron una importante e intensa labor en los incendios forestales de la Patagonia, con una gran magnitud que alcanz\u00f3 a quemar una superficie aproximada de 13.000 hect\u00e1reas\u201d<\/em><\/strong>.<\/span><\/p>\n<div id=\"attachment_87498\" style=\"width: 300px\" class=\"wp-caption alignleft\"><a href=\"http:\/\/vinasfm.com\/noticias\/wp-content\/uploads\/2021\/04\/165027865_5861913003834887_6101964520318506781_n-700x525-1.jpg\"><img loading=\"lazy\" decoding=\"async\" aria-describedby=\"caption-attachment-87498\" class=\"size-medium wp-image-87498\" src=\"http:\/\/vinasfm.com\/noticias\/wp-content\/uploads\/2021\/04\/165027865_5861913003834887_6101964520318506781_n-700x525-1-300x225.jpg\" alt=\"\" width=\"300\" height=\"225\" srcset=\"https:\/\/vinasfm.com\/noticias\/wp-content\/uploads\/2021\/04\/165027865_5861913003834887_6101964520318506781_n-700x525-1-300x225.jpg 300w, https:\/\/vinasfm.com\/noticias\/wp-content\/uploads\/2021\/04\/165027865_5861913003834887_6101964520318506781_n-700x525-1.jpg 700w\" sizes=\"auto, (max-width: 300px) 100vw, 300px\" \/><\/a><p id=\"caption-attachment-87498\" class=\"wp-caption-text\">Brigadistas mendocinos combatiendo las intensas llamas.<\/p><\/div>\n<p><span style=\"color: #000000;\">Y agreg\u00f3: \u201c<strong><em>Trabajaron de manera coordinada por el Servicio Provincial de Manejo del Fuego del Chubut,\u00a0junto al Servicio Nacional de Manejo del Fuego y con los equipos que viajaron desde varias provincias argentinas<\/em><\/strong>\u201d (Jujuy, Catamarca, San Luis, Neuqu\u00e9n, R\u00edo Negro, de la Administraci\u00f3n de Parques Nacionales y del Servicio Nacional de Manejo del Fuego: APN y SNMF.\u00a0<\/span><\/p>\n<p><span style=\"color: #000000;\">Por su parte, el <strong>director de Recursos Naturales Renovables<\/strong>, <strong>Sebasti\u00e1n Melchor<\/strong>, dijo: \u201c<strong><em>Es muy importante que todos los mendocinos tomemos conciencia de la gran importancia de prevenir posibles incendios. Aunque de momento se encuentra controlado, este incendio todav\u00eda sigue activo. Ha causado tres muertes, un profundo da\u00f1o en la biodiversidad de la zona y graves p\u00e9rdidas econ\u00f3micas, al quemarse viviendas, galpones, alambrados, veh\u00edculos y tendido el\u00e9ctrico, entre otras cosa<\/em><\/strong>s\u201d.<\/span><\/p>\n<p><span style=\"color: #000000;\">Los brigadistas regresaron a la provincia luego de d\u00edas de intenso trabajo en conjunto con personal de Chubut, Neuqu\u00e9n, Rio Negro, San Luis, Catamarca y Jujuy y con pr\u00e1cticamente toda la estructura de incendios forestales del Servicio Nacional del Manejo del Fuego y de Parques Nacionales. Cabe destacar que Parques Nacionales puso a disposici\u00f3n a alrededor de 80 brigadistas.\u00a0<\/span><\/p>\n<p><span style=\"color: #000000;\">El coordinador del Plan de Manejo de Fuego, <strong>Guillermo Ferraris<\/strong>, dijo: \u201c<strong><em>Nosotros trabajamos espec\u00edficamente en la extinci\u00f3n en algunos sectores del incendio y en la eliminaci\u00f3n de los focos secundarios<\/em><\/strong>\u201d.<\/span><\/p>\n<p><span style=\"color: #000000;\">Ferraris explic\u00f3 que los focos secundarios son aquellos que se producen fuera del per\u00edmetro del incendio principal y que pueden generar nuevos focos de incendios.<\/span><\/p>\n<p><span style=\"color: #000000;\">\u201c<strong><em>Tambi\u00e9n nos dedicamos a enfriar lo que denominan puntos calientes\u201d<\/em><\/strong>, inform\u00f3 Ferraris. \u201c<em><strong>Estos se encuentran en el borde del incendio y es necesario mantenerlos dentro del per\u00edmetro para que no escapen de las l\u00edneas cortafuego que se construyeron para frenar el avance del fuego<\/strong>. Adem\u00e1s, tuvimos que construir varios kil\u00f3metros de l\u00edneas cortafuego utilizando herramientas manuales y motosierras debido a la imposibilidad de ingresar con maquinaria pesada<\/em>\u201d, explic\u00f3.<\/span><\/p>\n<p><span style=\"color: #000000;\">\u201c<em><strong>Existieron varios focos de incendios simult\u00e1neos que se generaron\u00a0y se transformaron en un solo gran incendio, el cual se denomin\u00f3 \u2018Golondrinas<\/strong>\u2019. Este incendio\u00a0arras\u00f3 la Base de Incendios Golondrinas perteneciente al Servicio Provincial de Manejo del Fuego, quemando toda la estructura edilicia y las movilidades de la base<\/em>\u201d.<\/span><\/p>\n<p><span style=\"color: #000000;\">Los brigadistas declararon que, al ser un incendio de tal magnitud, su per\u00edmetro era tan extenso, que ten\u00edan que recorrer largas distancias a pie y muchas veces eran trasladados en helic\u00f3ptero. Para ello se debi\u00f3 realizar la construcci\u00f3n de un helipuerto estrat\u00e9gicamente ubicado en el borde del incendio, el cual posibilitaba acceso al personal y log\u00edstica a los focos.\u00a0<\/span><\/p>\n<p><span style=\"color: #000000;\">\u201c<em>Tambi\u00e9n <strong>trabajamos en el tumbado y trozado de \u00e1rboles incendiados, ya que estos se encienden desde su base y se comienzan a quemar por dentro<\/strong>.\u00a0 Luego comienzan a producir un efecto chimenea y arrojan chispas en las inmediaciones o se caen fuera del per\u00edmetro de la l\u00ednea cortafuegos, generando focos secundarios.<strong> El incendio todav\u00eda est\u00e1 activo. Est\u00e1 contenido pero sigue activo en el sector sureste, en la estancia San Mart\u00edn de la localidad El Mait\u00e9n<\/strong><\/em><strong>\u201d<\/strong>, concluy\u00f3 el coordinador del Plan de Manejo de Fuego.<\/span><\/p>\n<p><span style=\"color: #000000;\">Cabe mencionar que la movilidad de equipamiento especifico y de personal especializado hacia el incendio de Las Golondrinas\u00a0se realiz\u00f3 a requerimiento del Ministerio de Ambiente de la Naci\u00f3n, a trav\u00e9s del Servicio Nacional de Manejo del Fuego.<\/span><\/p>\n<h5><span style=\"color: #000000;\">\u2022F.B. (F.M. Vi\u00f1as).<\/span><\/h5>\n","protected":false},"excerpt":{"rendered":"<p>La Secretar\u00eda de Ambiente y Ordenamiento territorial envi\u00f3 a El Bols\u00f3n a 15 brigadistas del Plan Provincial de Manejo del Fuego. &#8230;<\/p>\n","protected":false},"author":8,"featured_media":87497,"comment_status":"open","ping_status":"open","sticky":false,"template":"","format":"standard","meta":{"footnotes":""},"categories":[5,76],"tags":[],"class_list":["post-87493","post","type-post","status-publish","format-standard","has-post-thumbnail","hentry","category-actualidad","category-bomberos"],"_links":{"self":[{"href":"https:\/\/vinasfm.com\/noticias\/wp-json\/wp\/v2\/posts\/87493","targetHints":{"allow":["GET"]}}],"collection":[{"href":"https:\/\/vinasfm.com\/noticias\/wp-json\/wp\/v2\/posts"}],"about":[{"href":"https:\/\/vinasfm.com\/noticias\/wp-json\/wp\/v2\/types\/post"}],"author":[{"embeddable":true,"href":"https:\/\/vinasfm.com\/noticias\/wp-json\/wp\/v2\/users\/8"}],"replies":[{"embeddable":true,"href":"https:\/\/vinasfm.com\/noticias\/wp-json\/wp\/v2\/comments?post=87493"}],"version-history":[{"count":1,"href":"https:\/\/vinasfm.com\/noticias\/wp-json\/wp\/v2\/posts\/87493\/revisions"}],"predecessor-version":[{"id":87499,"href":"https:\/\/vinasfm.com\/noticias\/wp-json\/wp\/v2\/posts\/87493\/revisions\/87499"}],"wp:featuredmedia":[{"embeddable":true,"href":"https:\/\/vinasfm.com\/noticias\/wp-json\/wp\/v2\/media\/87497"}],"wp:attachment":[{"href":"https:\/\/vinasfm.com\/noticias\/wp-json\/wp\/v2\/media?parent=87493"}],"wp:term":[{"taxonomy":"category","embeddable":true,"href":"https:\/\/vinasfm.com\/noticias\/wp-json\/wp\/v2\/categories?post=87493"},{"taxonomy":"post_tag","embeddable":true,"href":"https:\/\/vinasfm.com\/noticias\/wp-json\/wp\/v2\/tags?post=87493"}],"curies":[{"name":"wp","href":"https:\/\/api.w.org\/{rel}","templated":true}]}}