{"id":87448,"date":"2021-04-07T08:10:55","date_gmt":"2021-04-07T11:10:55","guid":{"rendered":"http:\/\/vinasfm.com\/noticias\/?p=87448"},"modified":"2021-04-08T08:38:35","modified_gmt":"2021-04-08T11:38:35","slug":"rodolfo-suarez-decreto-la-restriccion-de-circulacion-nocturna-como-principal-medida-para-frenar-los-contagios-de-covid-19","status":"publish","type":"post","link":"https:\/\/vinasfm.com\/noticias\/rodolfo-suarez-decreto-la-restriccion-de-circulacion-nocturna-como-principal-medida-para-frenar-los-contagios-de-covid-19\/","title":{"rendered":"SU\u00c1REZ DECRET\u00d3 LA RESTRICCI\u00d3N DE CIRCULACI\u00d3N NOCTURNA PARA FRENAR LOS CONTAGIOS"},"content":{"rendered":"<h4><span style=\"color: #000000;\">El gobernador de Mendoza se reuni\u00f3 con los intendentes de toda la provincia y, tras una reuni\u00f3n, firm\u00f3 un decreto mediante el cual se establece que por el estado de &#8216;alerta sanitaria&#8217; que atravesamos, queda prohibido circular entre las 00:30 hs y las 5:30 hs.<\/span><\/h4>\n<p><span style=\"color: #000000;\">Debido al <strong>aumento de casos de Covid-19 durante los \u00faltimos d\u00edas en Mendoza<\/strong>, que no escapa a la compleja situaci\u00f3n que vive el pa\u00eds, <strong>el gobernador Rodlfo Su\u00e1rez, mantuvo una reuni\u00f3n con todos los jefes comunales, entre quienes estuvo Walther Marcolini, en representaci\u00f3n de General Alvear.<\/strong> Tras el encuentro, y como respuesta a la ola de contagios en todo el territorio provincial, tomaron la decisi\u00f3n de controlar la circulaci\u00f3n nocturna.<\/span><\/p>\n<p><span style=\"color: #000000;\">Mediante <strong>el Art\u00edculo 1\u00ba del Decreto N\u00ba342<\/strong>, el gobernador de la provincia, en acuerdo de ministros, indic\u00f3 lo siguiente: <em><strong>&#8216;Restabl\u00e9zcase, en el marco del estado de \u00abalerta sanitaria declarado por Decreto Acuerdo N\u00ba847\/2020, la restricci\u00f3n de la circulaci\u00f3n de personas en el \u00e1mbito territorial de la Provincia de Mendoza, entre las 00.30 y las 05.30 horas de cada d\u00eca&#8217;.<\/strong><\/em> Esta restricci\u00f3n tendr\u00e1 <strong>vigencia desde el martes 6 de abril a las 0.00 hs.<\/strong><\/span><\/p>\n<p><span style=\"color: #000000;\">En cuanto a las diversas actividades habilitadas, <strong>las distintas modalidades de educaci\u00f3n presencial que se est\u00e1n llevando a cabo no sufrir\u00e1n cambios<\/strong>. Adem\u00e1s, <strong>contin\u00faan las regulaciones con respecto a los protocolos en comercios y la cantidad de gente autorizada para estar presente.<\/strong> En eventos <strong>al aire libre la cantidad de asistentes ser\u00e1 a raz\u00f3n de una persona por metro cuadrado y 250 individuos como m\u00e1ximo; en los eventos en espacios cerrados capacidad tendr\u00e1 que ser del 50% de la capacidad total y con un m\u00e1ximo de 250 personas.<\/strong><\/span><\/p>\n<p><span style=\"color: #000000;\">Por \u00faltimo, con respecto al deporte, se mantiene la <strong>prohibici\u00f3n de la presencia del p\u00fablico en eventos en espacios cerrados, y la cantidad m\u00e1xima de personas en calidad de espectadores en encuentros deportivos al aire libre es de 250 personas.<\/strong> De esta manera, apelando a la conciencia ciudadana, se mantienen la gran mayor\u00eda de las actividades en toda la provincia, en esta primera restricci\u00f3n que busca <strong>detener la circulaci\u00f3n nocturna<\/strong>.<\/span><\/p>\n<p><span style=\"color: #000000;\">\u2022L.A.<\/span><\/p>\n","protected":false},"excerpt":{"rendered":"<p>El gobernador de Mendoza se reuni\u00f3 con los intendentes de toda la provincia y, tras una reuni\u00f3n, firm\u00f3 un decreto mediante &#8230;<\/p>\n","protected":false},"author":7,"featured_media":73290,"comment_status":"open","ping_status":"open","sticky":false,"template":"","format":"standard","meta":{"footnotes":""},"categories":[5,62],"tags":[],"class_list":["post-87448","post","type-post","status-publish","format-standard","has-post-thumbnail","hentry","category-actualidad","category-coronavirus"],"_links":{"self":[{"href":"https:\/\/vinasfm.com\/noticias\/wp-json\/wp\/v2\/posts\/87448","targetHints":{"allow":["GET"]}}],"collection":[{"href":"https:\/\/vinasfm.com\/noticias\/wp-json\/wp\/v2\/posts"}],"about":[{"href":"https:\/\/vinasfm.com\/noticias\/wp-json\/wp\/v2\/types\/post"}],"author":[{"embeddable":true,"href":"https:\/\/vinasfm.com\/noticias\/wp-json\/wp\/v2\/users\/7"}],"replies":[{"embeddable":true,"href":"https:\/\/vinasfm.com\/noticias\/wp-json\/wp\/v2\/comments?post=87448"}],"version-history":[{"count":4,"href":"https:\/\/vinasfm.com\/noticias\/wp-json\/wp\/v2\/posts\/87448\/revisions"}],"predecessor-version":[{"id":87453,"href":"https:\/\/vinasfm.com\/noticias\/wp-json\/wp\/v2\/posts\/87448\/revisions\/87453"}],"wp:featuredmedia":[{"embeddable":true,"href":"https:\/\/vinasfm.com\/noticias\/wp-json\/wp\/v2\/media\/73290"}],"wp:attachment":[{"href":"https:\/\/vinasfm.com\/noticias\/wp-json\/wp\/v2\/media?parent=87448"}],"wp:term":[{"taxonomy":"category","embeddable":true,"href":"https:\/\/vinasfm.com\/noticias\/wp-json\/wp\/v2\/categories?post=87448"},{"taxonomy":"post_tag","embeddable":true,"href":"https:\/\/vinasfm.com\/noticias\/wp-json\/wp\/v2\/tags?post=87448"}],"curies":[{"name":"wp","href":"https:\/\/api.w.org\/{rel}","templated":true}]}}