{"id":87436,"date":"2021-04-05T11:13:44","date_gmt":"2021-04-05T14:13:44","guid":{"rendered":"http:\/\/vinasfm.com\/noticias\/?p=87436"},"modified":"2021-04-06T10:22:51","modified_gmt":"2021-04-06T13:22:51","slug":"refuerzan-los-controles-en-comercios-en-el-departamento","status":"publish","type":"post","link":"https:\/\/vinasfm.com\/noticias\/refuerzan-los-controles-en-comercios-en-el-departamento\/","title":{"rendered":"REFUERZAN LOS CONTROLES EN COMERCIOS EN EL DEPARTAMENTO"},"content":{"rendered":"<h4><span style=\"color: #000000;\">Debido al aumento de casos de covid-19 en esta \u00faltima semana en nuestro departamento, desde el \u00e1rea de inspecci\u00f3n aumentan los controles de protocolos.<\/span><\/h4>\n<p><span style=\"color: #000000;\">La segunda ola de covid-19 ya est\u00e1 entre nosotros y se est\u00e1 haciendo sentir, en nuestro departamento los casos han ido en alza, desde la <strong><em>Direcci\u00f3n de Inspecci\u00f3n Marcela Juri dio su palabra a FM VI\u00d1AS: \u00bb A partir de la semana pasada empezamos con los refuerzos en los protocolos de los comercios, fundamentalmente porque empez\u00f3 a crecer la curva de contagios y vemos que d\u00eda a d\u00eda va empeorando as\u00ed que recurrimos a la concientizaci\u00f3n de la poblaci\u00f3n\u00bb.<\/em><\/strong><\/span><\/p>\n<p><span style=\"color: #000000;\">La sociedad tuvo un relajamiento con respecto a los protocolos con el uso del barbijo, el distanciamiento y las reuniones o eventos, lo que ha tra\u00eddo una gran cantidad de casos en el departamento, <strong><em>Marcela agreg\u00f3: \u00abLa gente todav\u00eda no toma conciencia de que es un virus muy contagioso y por ah\u00ed no respetan el uso de tapabocas, el distanciamiento que es lo fundamental, el lavado de manos, el uso de alcohol en gel, las reuniones en lugares cerrados lo fundamental seria que se eviten esas reuniones en lugares cerrados\u00bb.<\/em><\/strong><\/span><\/p>\n<p><span style=\"color: #000000;\">Los controles en los comercios no se estaban haciendo ven\u00edan bien pero se vuelven a que reforzar con el aumento de los casos que se cumplan, la cantidad de personas que pueden ingresar a los comercios, el distanciamiento, el bien uso de barbijo y la desinfecci\u00f3n correspondiente.\u00a0<\/span><\/p>\n<p>\u2022C.F.<\/p>\n","protected":false},"excerpt":{"rendered":"<p>Debido al aumento de casos de covid-19 en esta \u00faltima semana en nuestro departamento, desde el \u00e1rea de inspecci\u00f3n aumentan los &#8230;<\/p>\n","protected":false},"author":7,"featured_media":85575,"comment_status":"open","ping_status":"open","sticky":false,"template":"","format":"standard","meta":{"footnotes":""},"categories":[5,69,62],"tags":[],"class_list":["post-87436","post","type-post","status-publish","format-standard","has-post-thumbnail","hentry","category-actualidad","category-comercio","category-coronavirus"],"_links":{"self":[{"href":"https:\/\/vinasfm.com\/noticias\/wp-json\/wp\/v2\/posts\/87436","targetHints":{"allow":["GET"]}}],"collection":[{"href":"https:\/\/vinasfm.com\/noticias\/wp-json\/wp\/v2\/posts"}],"about":[{"href":"https:\/\/vinasfm.com\/noticias\/wp-json\/wp\/v2\/types\/post"}],"author":[{"embeddable":true,"href":"https:\/\/vinasfm.com\/noticias\/wp-json\/wp\/v2\/users\/7"}],"replies":[{"embeddable":true,"href":"https:\/\/vinasfm.com\/noticias\/wp-json\/wp\/v2\/comments?post=87436"}],"version-history":[{"count":3,"href":"https:\/\/vinasfm.com\/noticias\/wp-json\/wp\/v2\/posts\/87436\/revisions"}],"predecessor-version":[{"id":87454,"href":"https:\/\/vinasfm.com\/noticias\/wp-json\/wp\/v2\/posts\/87436\/revisions\/87454"}],"wp:featuredmedia":[{"embeddable":true,"href":"https:\/\/vinasfm.com\/noticias\/wp-json\/wp\/v2\/media\/85575"}],"wp:attachment":[{"href":"https:\/\/vinasfm.com\/noticias\/wp-json\/wp\/v2\/media?parent=87436"}],"wp:term":[{"taxonomy":"category","embeddable":true,"href":"https:\/\/vinasfm.com\/noticias\/wp-json\/wp\/v2\/categories?post=87436"},{"taxonomy":"post_tag","embeddable":true,"href":"https:\/\/vinasfm.com\/noticias\/wp-json\/wp\/v2\/tags?post=87436"}],"curies":[{"name":"wp","href":"https:\/\/api.w.org\/{rel}","templated":true}]}}