{"id":87422,"date":"2021-04-05T12:03:27","date_gmt":"2021-04-05T15:03:27","guid":{"rendered":"http:\/\/vinasfm.com\/noticias\/?p=87422"},"modified":"2021-04-06T10:22:37","modified_gmt":"2021-04-06T13:22:37","slug":"patricia-salice-sobre-la-concientizacion-del-autismo","status":"publish","type":"post","link":"https:\/\/vinasfm.com\/noticias\/patricia-salice-sobre-la-concientizacion-del-autismo\/","title":{"rendered":"PATRICIA SALICE SOBRE LA CONCIENTIZACI\u00d3N DEL AUTISMO"},"content":{"rendered":"<h4><span style=\"color: #000000;\">El pasado 2 de abril, es el &#8216;D\u00eda de la Concientizaci\u00f3n del Autismo&#8217;, en nuestro departamento se realizaron actividades al respecto para concientizar a la sociedad sobre est\u00e1 patolog\u00eda.<\/span><\/h4>\n<p><span style=\"color: #000000;\">El mismo d\u00eda se realizo una caminata desde el KM 0 hasta la plaza departamental propuesta por la asesor\u00eda de discapacidad para que los vecinos del departamento conozcan un poco m\u00e1s, en <em><strong>di\u00e1logo con FM VI\u00d1AS, la concejal Patricia Salice expres\u00f3: \u00abSe ha comenzado a visualizar esta condici\u00f3n con la que nacen 1 de cada 68 ni\u00f1os en el mundo\u00bb<\/strong><\/em>.\u00a0 Hay distintos tipos de autismos, una de las caracter\u00edsticas en com\u00fan es la <em><strong>dificultad en la comunicaci\u00f3n, tienen alto coeficiente intelectual, intereses muy restringidos y diferentes a los chicos de su edad, algunos casos problemas de conducta o de interpretaci\u00f3n.<\/strong><\/em><\/span><\/p>\n<p><span style=\"color: #000000;\"><em><strong>La<\/strong> <strong>concejal<\/strong> <strong>Salice agreg\u00f3: \u00abHay ni\u00f1os que conductualmente no tienen problemas o no tienen grandes crisis pero si tienen problemas en cuanto a la sociabilizaci\u00f3n, a la interpretaci\u00f3n de las rutinas habituales con las que nos movemos en la sociedad\u00bb.<\/strong><\/em> Lo ideal es la detenci\u00f3n temprana de este trastorno, muchas veces los docentes son quienes notan las distintas actitudes y ponen en alerta a los padres.<\/span><\/p>\n<p><span style=\"color: #000000;\">Es un espectro muy amplio en el que se puede desarrollar, no todos se presentan de la misma forma, ning\u00fan caso de autismo se refleja igual, hay grados m\u00e1s severos, m\u00e1s moderados y m\u00e1s leves. Como sociedad tenemos que conocer sobre est\u00e1 patolog\u00eda, <em><strong>Patricia explica: \u00abSer emp\u00e1ticos, ponerse en el lugar de ese ni\u00f1o no presionar, templanza, paciencia pero son muy espont\u00e1neos y ellos reconocen el v\u00ednculo sincero\u00bb<\/strong><\/em>, ellos necesitan las rutinas muy marcadas e ir anticipando las acciones para que no se sobrecarguen cuando se realiza algo inesperado.<\/span><\/p>\n<p><span style=\"color: #000000;\">El <em><strong>color azul<\/strong><\/em> es el que los distingue y<em><strong> los representan<\/strong><\/em> a quienes tienen autismo <em><strong>refleja el color del mar, nos puede presentar la calma y la tempestad al mismo tiempo<\/strong><\/em>, tambi\u00e9n otra de las formas que se <em><strong>representan es puzzle o rompecabezas en el que cada pieza es de distinto color porque no todos los casos de autismo son iguales.<\/strong><\/em><\/span><\/p>\n<p>\u2022C.F.<\/p>\n","protected":false},"excerpt":{"rendered":"<p>El pasado 2 de abril, es el &#8216;D\u00eda de la Concientizaci\u00f3n del Autismo&#8217;, en nuestro departamento se realizaron actividades al respecto &#8230;<\/p>\n","protected":false},"author":7,"featured_media":65901,"comment_status":"open","ping_status":"open","sticky":false,"template":"","format":"standard","meta":{"footnotes":""},"categories":[5,10],"tags":[],"class_list":["post-87422","post","type-post","status-publish","format-standard","has-post-thumbnail","hentry","category-actualidad","category-destacadas"],"_links":{"self":[{"href":"https:\/\/vinasfm.com\/noticias\/wp-json\/wp\/v2\/posts\/87422","targetHints":{"allow":["GET"]}}],"collection":[{"href":"https:\/\/vinasfm.com\/noticias\/wp-json\/wp\/v2\/posts"}],"about":[{"href":"https:\/\/vinasfm.com\/noticias\/wp-json\/wp\/v2\/types\/post"}],"author":[{"embeddable":true,"href":"https:\/\/vinasfm.com\/noticias\/wp-json\/wp\/v2\/users\/7"}],"replies":[{"embeddable":true,"href":"https:\/\/vinasfm.com\/noticias\/wp-json\/wp\/v2\/comments?post=87422"}],"version-history":[{"count":4,"href":"https:\/\/vinasfm.com\/noticias\/wp-json\/wp\/v2\/posts\/87422\/revisions"}],"predecessor-version":[{"id":87476,"href":"https:\/\/vinasfm.com\/noticias\/wp-json\/wp\/v2\/posts\/87422\/revisions\/87476"}],"wp:featuredmedia":[{"embeddable":true,"href":"https:\/\/vinasfm.com\/noticias\/wp-json\/wp\/v2\/media\/65901"}],"wp:attachment":[{"href":"https:\/\/vinasfm.com\/noticias\/wp-json\/wp\/v2\/media?parent=87422"}],"wp:term":[{"taxonomy":"category","embeddable":true,"href":"https:\/\/vinasfm.com\/noticias\/wp-json\/wp\/v2\/categories?post=87422"},{"taxonomy":"post_tag","embeddable":true,"href":"https:\/\/vinasfm.com\/noticias\/wp-json\/wp\/v2\/tags?post=87422"}],"curies":[{"name":"wp","href":"https:\/\/api.w.org\/{rel}","templated":true}]}}