{"id":87392,"date":"2021-04-05T09:09:19","date_gmt":"2021-04-05T12:09:19","guid":{"rendered":"http:\/\/vinasfm.com\/noticias\/?p=87392"},"modified":"2021-04-06T09:55:50","modified_gmt":"2021-04-06T12:55:50","slug":"ellas-tambien-estuvieron-en-malvinas-ada-barroso-fue-enfermera-del-ejercito-y-conto-su-experiencia-en-la-guerra","status":"publish","type":"post","link":"https:\/\/vinasfm.com\/noticias\/ellas-tambien-estuvieron-en-malvinas-ada-barroso-fue-enfermera-del-ejercito-y-conto-su-experiencia-en-la-guerra\/","title":{"rendered":"ELLAS TAMBI\u00c9N ESTUVIERON EN MALVINAS: ADA BARROSO FUE ENFERMERA DEL EJ\u00c9RCITO Y CONT\u00d3 SU EXPERIENCIA EN LA GUERRA"},"content":{"rendered":"<h4><span style=\"color: #000000;\">Ada Barroso fue a la guerra de Malvinas como enfermera y dio su testimonio sobre las duras vivencias en el sur, en la conmemoraci\u00f3n del &#8216;D\u00eda al Veterano y de los Ca\u00eddos en la Guerra de Malvinas&#8217;, un suceso hist\u00f3rico que marc\u00f3 a quienes combatieron, a familias, a generaciones y a la historia de nuestro pa\u00eds.<\/span><\/h4>\n<p><span style=\"color: #000000;\">El 2 de abril en marco de la fecha se realizaron distintas actividades, en nuestro departamento aparte de tener veteranos tambi\u00e9n tenemos enfermeras que estuvieron en Malvinas, trabajando, cuidando y siendo un pie fundamental en este enfrentamiento entre la Inglaterra y Argentina, en <em><strong>di\u00e1logo con FM VI\u00d1AS habl\u00f3 Ada Barroso enfermera en Malvinas:<\/strong> <strong>\u00abEn aquel momento que ingresamos a la armada yo termine el 3\u00b0 a\u00f1o de enfermer\u00eda en la &#8216;Escuela de Sanidad Naval en Puerto Belgrano&#8217; y fuimos de pase al Hospital Pedro Mayo, hospital de mayor complejidad donde recib\u00edamos a los heridos de guerras de Malvinas y all\u00ed los atendimos\u00bb.<\/strong><\/em><\/span><\/p>\n<p><span style=\"color: #000000;\">En los recuerdos de su vida, marco su historia y sus d\u00edas, con solo 24 a\u00f1os su vida tuvo un antes y un despu\u00e9s, <em><strong>Ada agreg\u00f3: \u00abRecuerdo entre algunos pacientes a Alberto Mac\u00edas que le dio el torpedo en una pierna y le amputaron la pierna, Zapata y otros tantos que pasaron por all\u00ed; tambi\u00e9n recuerdo haberme hecho amiga de Escudero, el chico de ac\u00e1 de Alvear, Osvaldo Martinez de la zona de la Guevarina que lamentablemente ellos se hundieron en el Belgrano\u00bb.<\/strong><\/em><\/span><\/p>\n<p><span style=\"color: #000000;\">Las enfermeras trabajaron desde que comenz\u00f3 hasta que termino el conflicto, trabajaron a sol y sombra m\u00e1s de dos meses para poder cubrir las necesidades de los heridos de guerras, mucho tiempo estuvieron a la sombre de quienes combatieron. <strong><em>Ellas vieron otra cara del conflicto, ellas nunca fueron reconocidas como parte del ejercito, cuando s\u00ed lo fueron,<\/em><\/strong> <strong><em>Ada expres\u00f3: \u00abMuchas veces cuenta reconocer y mucha gente que tuvo una participaci\u00f3n importante por ah\u00ed est\u00e1 en el anonimato pero no importa el tiempo, lo bueno es reconocer hoy d\u00eda a toda esa gente, estar en honor a ellos que perdieron la vida por la patria y gracias a Dios a los que pudieron salvarla como los ex-combatientes que se encuentran hoy en d\u00eda, un reconocimiento tambi\u00e9n a nosotras que no lo dimos a conocer y muy agradecidas y muy orgullosas de haber servido a la patria en un momento tan importante para los argentinos\u00bb.<\/em><\/strong><\/span><\/p>\n<p><span style=\"color: #000000;\">Las enfermeras que fueron parte de la guerra de Malvinas, que estuvieron en Puerto Belgrano, nunca han sido reconocidas como tal, no tienen ning\u00fan reconocimiento de parte del ejercito, ni del estado.<\/span><\/p>\n<p><span style=\"color: #000000;\">\u2022<strong>C.F.<\/strong><\/span><\/p>\n","protected":false},"excerpt":{"rendered":"<p>Ada Barroso fue a la guerra de Malvinas como enfermera y dio su testimonio sobre las duras vivencias en el sur, &#8230;<\/p>\n","protected":false},"author":7,"featured_media":84056,"comment_status":"open","ping_status":"open","sticky":false,"template":"","format":"standard","meta":{"footnotes":""},"categories":[5,27],"tags":[],"class_list":["post-87392","post","type-post","status-publish","format-standard","has-post-thumbnail","hentry","category-actualidad","category-efemerides"],"_links":{"self":[{"href":"https:\/\/vinasfm.com\/noticias\/wp-json\/wp\/v2\/posts\/87392","targetHints":{"allow":["GET"]}}],"collection":[{"href":"https:\/\/vinasfm.com\/noticias\/wp-json\/wp\/v2\/posts"}],"about":[{"href":"https:\/\/vinasfm.com\/noticias\/wp-json\/wp\/v2\/types\/post"}],"author":[{"embeddable":true,"href":"https:\/\/vinasfm.com\/noticias\/wp-json\/wp\/v2\/users\/7"}],"replies":[{"embeddable":true,"href":"https:\/\/vinasfm.com\/noticias\/wp-json\/wp\/v2\/comments?post=87392"}],"version-history":[{"count":3,"href":"https:\/\/vinasfm.com\/noticias\/wp-json\/wp\/v2\/posts\/87392\/revisions"}],"predecessor-version":[{"id":87430,"href":"https:\/\/vinasfm.com\/noticias\/wp-json\/wp\/v2\/posts\/87392\/revisions\/87430"}],"wp:featuredmedia":[{"embeddable":true,"href":"https:\/\/vinasfm.com\/noticias\/wp-json\/wp\/v2\/media\/84056"}],"wp:attachment":[{"href":"https:\/\/vinasfm.com\/noticias\/wp-json\/wp\/v2\/media?parent=87392"}],"wp:term":[{"taxonomy":"category","embeddable":true,"href":"https:\/\/vinasfm.com\/noticias\/wp-json\/wp\/v2\/categories?post=87392"},{"taxonomy":"post_tag","embeddable":true,"href":"https:\/\/vinasfm.com\/noticias\/wp-json\/wp\/v2\/tags?post=87392"}],"curies":[{"name":"wp","href":"https:\/\/api.w.org\/{rel}","templated":true}]}}