{"id":87323,"date":"2021-04-01T09:52:46","date_gmt":"2021-04-01T12:52:46","guid":{"rendered":"http:\/\/vinasfm.com\/noticias\/?p=87323"},"modified":"2021-04-01T19:27:54","modified_gmt":"2021-04-01T22:27:54","slug":"este-fin-de-semana-largo-iscamen-reforzara-el-control-en-las-barreras-sanitarias","status":"publish","type":"post","link":"https:\/\/vinasfm.com\/noticias\/este-fin-de-semana-largo-iscamen-reforzara-el-control-en-las-barreras-sanitarias\/","title":{"rendered":"ESTE FIN DE SEMANA LARGO, ISCAMEN REFORZAR\u00c1 EL CONTROL EN LAS BARRERAS SANITARIAS"},"content":{"rendered":"<h4><strong><span style=\"color: #000000;\">La poblaci\u00f3n que se traslade fuera de la provincia el pr\u00f3ximo fin de semana debe recordar que al regresar no se permite el ingreso de frutas y hortalizas. Quienes realicen turismo interno deben tener en cuenta que los departamentos del Valle de Uco y del Sur provincial son reconocidos internacionalmente como \u00c1reas Libres de mosca del Mediterr\u00e1neo, por lo que no se permite el ingreso de productos vegetales.<\/span><\/strong><\/h4>\n<p><span style=\"color: #000000;\">Ante el posible incremento vehicular durante Semana Santa, el Iscamen dispuso reforzar el\u00a0 personal en los controles internos de Zapata (ingreso a Tunuy\u00e1n), Tupungato y \u00d1acu\u00f1\u00e1n (ingreso a San Rafael y General Alvear) y solicita la colaboraci\u00f3n ciudadana para evitar la propagaci\u00f3n de plagas que afecten a la producci\u00f3n local.<\/span><\/p>\n<p><span style=\"color: #000000;\">El Sistema Integral de Barreras Sanitarias trabaja en todos los l\u00edmites interprovinciales con el objeto de cuidar y proteger la sanidad y calidad de los productos agr\u00edcolas de Mendoza. Los departamentos de Tunuy\u00e1n, Tupungato, San Carlos, San Rafael, General Alvear y Malarg\u00fce son considerados \u00e1reas libres de moscas del Mediterr\u00e1neo a nivel internacional, lo que aumenta las posibilidades de exportaci\u00f3n de su producci\u00f3n. Resguardar esta condici\u00f3n sanitaria es responsabilidad de todos.<\/span><\/p>\n<p><span style=\"color: #000000;\">La colaboraci\u00f3n ciudadana es de suma importancia para agilizar estos controles, por ello es preciso que no se transporten productos vegetales que puedan generar un riesgo sanitario. Quienes viajen fuera de Mendoza, al regresar, deben evitar ingresar productos vegetales de otras provincias.<\/span><\/p>\n<p><span style=\"color: #000000;\">Mendoza es una de las principales productoras agr\u00edcolas de Argentina. Actualmente, sus m\u00e1s de 300.000 hect\u00e1reas cultivadas la convierten en la primera productora vit\u00edcola y frut\u00edcola del pa\u00eds.<\/span><\/p>\n<p><span style=\"color: #000000;\">A las condiciones agroecol\u00f3gicas favorables para la producci\u00f3n de alimentos se ha sumado desde hace a\u00f1os la voluntad de potenciar sus condiciones de sanidad y calidad, con el prop\u00f3sito de orientar su producci\u00f3n a los mercados de agroalimentos m\u00e1s exigentes.<\/span><\/p>\n<p><span style=\"color: #000000;\">Para proteger y acrecentar este patrimonio agroecol\u00f3gico, el Sistema Integral de Barreras Sanitarias del Iscamen controla el cumplimiento de las normas provinciales y nacionales que garantizan la sanidad y la calidad de los productos de origen vegetal, animal y de los alimentos que ingresan a la provincia.<\/span><\/p>\n<p><span style=\"color: #000000;\">El objetivo perseguido por las acciones realizadas en Barreras Sanitarias, referidas al control y erradicaci\u00f3n de la mosca del Mediterr\u00e1neo, es declarar a los cuatro oasis productivos de Mendoza como \u00c1reas Libres de esta plaga con reconocimiento internacional. Es por ello que se fiscaliza y controla el estricto cumplimiento de las disposiciones relativas al estado sanitario y movilizaci\u00f3n de frutas y hortalizas susceptibles al ataque de moscas de los frutos.<\/span><\/p>\n<p><span style=\"color: #000000;\">La lucha contra la mosca del Mediterr\u00e1neo ha significado una tarea paradigm\u00e1tica que se sustenta en los logros alcanzados. El oasis Sur y el Valle de Uco (m\u00e1s del 70% del territorio mendocino) son reconocidos internacionalmente como \u00c1reas Libres de moscas de los frutos por pa\u00edses como EEUU y China, entre otros. Este logro ha permitido estar a la altura de lo que demandan los mercados m\u00e1s exigentes.<\/span><\/p>\n<h4><span style=\"color: #000000;\"><strong>Sistema Integral de Barreras Sanitarias<\/strong><\/span><\/h4>\n<p><span style=\"color: #000000;\">Por su ubicaci\u00f3n estrat\u00e9gica, este sistema de control nacido espec\u00edficamente para impedir el ingreso de plagas y enfermedades agr\u00edcolas y animales (mosca del Mediterr\u00e1neo, fiebre aftosa) ha integrado entre otras funciones:<\/span><\/p>\n<p><strong><span style=\"color: #000000;\">\u2022 La desinsectaci\u00f3n de todos los veh\u00edculos que ingresan a la provincia.<\/span><\/strong><\/p>\n<p><strong><span style=\"color: #000000;\">\u2022 El control de todos los materiales de propagaci\u00f3n vegetal.<\/span><\/strong><\/p>\n<p><strong><span style=\"color: #000000;\">\u2022 El control de todas las especies de ganado en pie, verificando su estado sanitario y la documentaci\u00f3n pertinente.<\/span><\/strong><\/p>\n<p><strong><span style=\"color: #000000;\">\u2022 El control higi\u00e9nico-sanitario de productos, subproductos y derivados de origen animal, en estado natural o industrializado.<\/span><\/strong><\/p>\n<p><strong><span style=\"color: #000000;\">\u2022 El control de los productos agroqu\u00edmicos que ingresan a la provincia.<\/span><\/strong><\/p>\n<p><strong><span style=\"color: #000000;\">\u2022 El control de conservas de origen vegetal.<\/span><\/strong><\/p>\n<p><strong><span style=\"color: #000000;\">\u2022 El control del movimiento de recursos naturales renovables.<\/span><\/strong><\/p>\n<p><strong><span style=\"color: #000000;\">\u2022 El control estad\u00edstico de los productos animales y vegetales naturales o industrializados.<\/span><\/strong><\/p>\n<p><strong><span style=\"color: #000000;\">\u2022 La obtenci\u00f3n de datos para la Direcci\u00f3n General de Rentas y la Direcci\u00f3n de Estad\u00edsticas e Investigaciones Econ\u00f3micas.<\/span><\/strong><\/p>\n<h5><span style=\"color: #000000;\">\u2022F.B.<\/span><\/h5>\n","protected":false},"excerpt":{"rendered":"<p>La poblaci\u00f3n que se traslade fuera de la provincia el pr\u00f3ximo fin de semana debe recordar que al regresar no se &#8230;<\/p>\n","protected":false},"author":8,"featured_media":87326,"comment_status":"open","ping_status":"open","sticky":false,"template":"","format":"standard","meta":{"footnotes":""},"categories":[5,35],"tags":[],"class_list":["post-87323","post","type-post","status-publish","format-standard","has-post-thumbnail","hentry","category-actualidad","category-iscamen"],"_links":{"self":[{"href":"https:\/\/vinasfm.com\/noticias\/wp-json\/wp\/v2\/posts\/87323","targetHints":{"allow":["GET"]}}],"collection":[{"href":"https:\/\/vinasfm.com\/noticias\/wp-json\/wp\/v2\/posts"}],"about":[{"href":"https:\/\/vinasfm.com\/noticias\/wp-json\/wp\/v2\/types\/post"}],"author":[{"embeddable":true,"href":"https:\/\/vinasfm.com\/noticias\/wp-json\/wp\/v2\/users\/8"}],"replies":[{"embeddable":true,"href":"https:\/\/vinasfm.com\/noticias\/wp-json\/wp\/v2\/comments?post=87323"}],"version-history":[{"count":2,"href":"https:\/\/vinasfm.com\/noticias\/wp-json\/wp\/v2\/posts\/87323\/revisions"}],"predecessor-version":[{"id":87331,"href":"https:\/\/vinasfm.com\/noticias\/wp-json\/wp\/v2\/posts\/87323\/revisions\/87331"}],"wp:featuredmedia":[{"embeddable":true,"href":"https:\/\/vinasfm.com\/noticias\/wp-json\/wp\/v2\/media\/87326"}],"wp:attachment":[{"href":"https:\/\/vinasfm.com\/noticias\/wp-json\/wp\/v2\/media?parent=87323"}],"wp:term":[{"taxonomy":"category","embeddable":true,"href":"https:\/\/vinasfm.com\/noticias\/wp-json\/wp\/v2\/categories?post=87323"},{"taxonomy":"post_tag","embeddable":true,"href":"https:\/\/vinasfm.com\/noticias\/wp-json\/wp\/v2\/tags?post=87323"}],"curies":[{"name":"wp","href":"https:\/\/api.w.org\/{rel}","templated":true}]}}