{"id":87318,"date":"2021-04-01T10:07:07","date_gmt":"2021-04-01T13:07:07","guid":{"rendered":"http:\/\/vinasfm.com\/noticias\/?p=87318"},"modified":"2021-04-01T19:27:37","modified_gmt":"2021-04-01T22:27:37","slug":"fin-de-semana-largo-con-tiempo-templado-en-alvear-y-baja-probabilidad-de-precipitaciones","status":"publish","type":"post","link":"https:\/\/vinasfm.com\/noticias\/fin-de-semana-largo-con-tiempo-templado-en-alvear-y-baja-probabilidad-de-precipitaciones\/","title":{"rendered":"&#8216;FINDE&#8217; LARGO CON BUEN TIEMPO EN ALVEAR Y BAJA PROBABILIDAD DE PRECIPITACIONES"},"content":{"rendered":"<h4 dir=\"auto\"><span style=\"color: #000000;\"><strong>Durante el fin de semana largo por Semana Santa, las temperaturas estar\u00e1n por debajo de los 30\u00b0 y predominar\u00e1n los vientos desde el noreste. Adem\u00e1s, hay baja probabilidad de precipitaciones y solo para el viernes por la noche.<\/strong><\/span><\/h4>\n<p><span style=\"color: #000000;\">De acuerdo al pron\u00f3stico extendido emitido por <strong>Defensa Civil<\/strong> del departamento, los alvearenses viviremos temperaturas c\u00e1lidas durante este fin de semana largo que comienza. Adem\u00e1s, despu\u00e9s de semanas con intensas lluvias, las probabilidades de precipitaciones son bajas y solo se espera clima inestable durante le viernes por la noche.<\/span><\/p>\n<p><span style=\"color: #000000;\">As\u00ed estar\u00e1 el tiempo en Alvear durante los pr\u00f3ximos d\u00edas:<\/span><\/p>\n<ul>\n<li><span style=\"color: #000000;\"><strong>Jueves (01\/04): Parcialmente nublado con precipitaciones aisladas y poco cambio de la temperatura, vientos moderados del noreste. Inestable en cordillera. M\u00e1xima: 26\u00baC M\u00ednima: 13\u00baC.<\/strong><\/span><\/li>\n<li><span style=\"color: #000000;\"><strong>Viernes (02\/04): Parcialmente nublado con poco cambio de la temperatura, vientos moderados del noreste. Inestable hacia la noche. M\u00e1xima: 25\u00baC M\u00ednima: 13\u00baC.<\/strong><\/span><\/li>\n<li><span style=\"color: #000000;\"><strong>S\u00e1bado (03\/04): Parcialmente nublado con leve ascenso de la temperatura, vientos leves del noreste. M\u00e1xima: 27\u00baC M\u00ednima: 11\u00baC.<\/strong><\/span><\/li>\n<li><span style=\"color: #000000;\"><strong>Domingo (04\/04): Parcialmente nublado con leve ascenso de la temperatura, vientos leves del noreste. M\u00e1xima: 28\u00baC M\u00ednima: 13\u00baC.<\/strong><\/span><\/li>\n<\/ul>\n<h5><span style=\"color: #000000;\">\u2022<strong>L.A.<\/strong><\/span><\/h5>\n","protected":false},"excerpt":{"rendered":"<p>Durante el fin de semana largo por Semana Santa, las temperaturas estar\u00e1n por debajo de los 30\u00b0 y predominar\u00e1n los vientos &#8230;<\/p>\n","protected":false},"author":8,"featured_media":62455,"comment_status":"open","ping_status":"open","sticky":false,"template":"","format":"standard","meta":{"footnotes":""},"categories":[5,36],"tags":[],"class_list":["post-87318","post","type-post","status-publish","format-standard","has-post-thumbnail","hentry","category-actualidad","category-pronostico"],"_links":{"self":[{"href":"https:\/\/vinasfm.com\/noticias\/wp-json\/wp\/v2\/posts\/87318","targetHints":{"allow":["GET"]}}],"collection":[{"href":"https:\/\/vinasfm.com\/noticias\/wp-json\/wp\/v2\/posts"}],"about":[{"href":"https:\/\/vinasfm.com\/noticias\/wp-json\/wp\/v2\/types\/post"}],"author":[{"embeddable":true,"href":"https:\/\/vinasfm.com\/noticias\/wp-json\/wp\/v2\/users\/8"}],"replies":[{"embeddable":true,"href":"https:\/\/vinasfm.com\/noticias\/wp-json\/wp\/v2\/comments?post=87318"}],"version-history":[{"count":6,"href":"https:\/\/vinasfm.com\/noticias\/wp-json\/wp\/v2\/posts\/87318\/revisions"}],"predecessor-version":[{"id":87351,"href":"https:\/\/vinasfm.com\/noticias\/wp-json\/wp\/v2\/posts\/87318\/revisions\/87351"}],"wp:featuredmedia":[{"embeddable":true,"href":"https:\/\/vinasfm.com\/noticias\/wp-json\/wp\/v2\/media\/62455"}],"wp:attachment":[{"href":"https:\/\/vinasfm.com\/noticias\/wp-json\/wp\/v2\/media?parent=87318"}],"wp:term":[{"taxonomy":"category","embeddable":true,"href":"https:\/\/vinasfm.com\/noticias\/wp-json\/wp\/v2\/categories?post=87318"},{"taxonomy":"post_tag","embeddable":true,"href":"https:\/\/vinasfm.com\/noticias\/wp-json\/wp\/v2\/tags?post=87318"}],"curies":[{"name":"wp","href":"https:\/\/api.w.org\/{rel}","templated":true}]}}