{"id":87274,"date":"2021-04-01T10:00:35","date_gmt":"2021-04-01T13:00:35","guid":{"rendered":"http:\/\/vinasfm.com\/noticias\/?p=87274"},"modified":"2021-04-01T19:27:45","modified_gmt":"2021-04-01T22:27:45","slug":"alvear-aborda-la-inclusion-con-actividades-que-promueven-la-concientizacion","status":"publish","type":"post","link":"https:\/\/vinasfm.com\/noticias\/alvear-aborda-la-inclusion-con-actividades-que-promueven-la-concientizacion\/","title":{"rendered":"ALVEAR ABORDA LA INCLUSI\u00d3N CON ACTIVIDADES QUE PROMUEVEN LA CONCIENTIZACI\u00d3N"},"content":{"rendered":"<h4><span style=\"color: #000000;\"><strong>En el marco del D\u00eda Internacional de la Concientizaci\u00f3n sobre el Autismo y el D\u00eda Mundial del S\u00edndrome de Down, se realiz\u00f3 la caminata por la inclusi\u00f3n desde la plaza departamental hasta el Km 0, adem\u00e1s de las actividades recreativas que pudieron disfrutar los presentes.<\/strong><\/span><\/h4>\n<p><span style=\"color: #000000;\">El <strong>Asesor de Discapacidad Roberto Castillo<\/strong> se refiri\u00f3 a este evento que tuvo como objetivo concientizar acerca de lo que son las diferentes patolog\u00edas como s\u00edndrome de down o autismo: \u201c<strong><em>La idea era visibilizar de qu\u00e9 manera se trabaja con estas patolog\u00eda, por eso realizamos una caminata desde la Comuna hasta el KM 0, y de all\u00ed hasta la plaza, tambi\u00e9n se llev\u00f3 a cabo una muestra de danza contempor\u00e1nea<\/em><\/strong>\u201d, expres\u00f3 a <strong>F.M. Vi\u00f1as<\/strong> el funcionario.<\/span><\/p>\n<p><span style=\"color: #000000;\">Es de destacar que del evento participaron familiares de chicos autistas que est\u00e1n conformando una fundaci\u00f3n para contar con una herramienta en General Alvear que ayude a todas aquellas familias que enfrenten esta patolog\u00eda: \u201c<strong><em>Se est\u00e1n dando los puntapi\u00e9s iniciales y es bueno que estas cosas sucedan<\/em><\/strong>\u201d, sostuvo Castillo.<\/span><\/p>\n<p><span style=\"color: #000000;\"><strong>Marcela Rold\u00e1n<\/strong>, mam\u00e1 de dos chicos con autismo, manifest\u00f3: \u201c<strong><em>Agradezco a la Municipalidad y a la Asesor\u00eda de Discapacidad por haber realizado este acto. Tengo dos ni\u00f1os autistas y la lucha es diaria, es dif\u00edcil porque muchos no entienden c\u00f3mo act\u00faan nuestros ni\u00f1os, por ello es importante que se tome conciencia<\/em><\/strong>\u201d.<\/span><\/p>\n<p><span style=\"color: #000000;\">Rold\u00e1n tambi\u00e9n agradeci\u00f3 la decisi\u00f3n tomada por esta gesti\u00f3n de prohibir la pirotecnia ya que los ruidos y estruendos fuertes afecta mucho a quienes padecen de esta patolog\u00eda.<\/span><\/p>\n<h5><span style=\"color: #000000;\">\u2022F.B.<\/span><\/h5>\n","protected":false},"excerpt":{"rendered":"<p>En el marco del D\u00eda Internacional de la Concientizaci\u00f3n sobre el Autismo y el D\u00eda Mundial del S\u00edndrome de Down, se &#8230;<\/p>\n","protected":false},"author":8,"featured_media":87279,"comment_status":"open","ping_status":"open","sticky":false,"template":"","format":"standard","meta":{"footnotes":""},"categories":[5,10],"tags":[],"class_list":["post-87274","post","type-post","status-publish","format-standard","has-post-thumbnail","hentry","category-actualidad","category-destacadas"],"_links":{"self":[{"href":"https:\/\/vinasfm.com\/noticias\/wp-json\/wp\/v2\/posts\/87274","targetHints":{"allow":["GET"]}}],"collection":[{"href":"https:\/\/vinasfm.com\/noticias\/wp-json\/wp\/v2\/posts"}],"about":[{"href":"https:\/\/vinasfm.com\/noticias\/wp-json\/wp\/v2\/types\/post"}],"author":[{"embeddable":true,"href":"https:\/\/vinasfm.com\/noticias\/wp-json\/wp\/v2\/users\/8"}],"replies":[{"embeddable":true,"href":"https:\/\/vinasfm.com\/noticias\/wp-json\/wp\/v2\/comments?post=87274"}],"version-history":[{"count":1,"href":"https:\/\/vinasfm.com\/noticias\/wp-json\/wp\/v2\/posts\/87274\/revisions"}],"predecessor-version":[{"id":87281,"href":"https:\/\/vinasfm.com\/noticias\/wp-json\/wp\/v2\/posts\/87274\/revisions\/87281"}],"wp:featuredmedia":[{"embeddable":true,"href":"https:\/\/vinasfm.com\/noticias\/wp-json\/wp\/v2\/media\/87279"}],"wp:attachment":[{"href":"https:\/\/vinasfm.com\/noticias\/wp-json\/wp\/v2\/media?parent=87274"}],"wp:term":[{"taxonomy":"category","embeddable":true,"href":"https:\/\/vinasfm.com\/noticias\/wp-json\/wp\/v2\/categories?post=87274"},{"taxonomy":"post_tag","embeddable":true,"href":"https:\/\/vinasfm.com\/noticias\/wp-json\/wp\/v2\/tags?post=87274"}],"curies":[{"name":"wp","href":"https:\/\/api.w.org\/{rel}","templated":true}]}}